{"id":9295,"date":"2018-06-04T14:38:40","date_gmt":"2018-06-04T17:38:40","guid":{"rendered":"https:\/\/blogs.correiobraziliense.com.br\/servidor\/?p=9295"},"modified":"2018-06-04T14:38:40","modified_gmt":"2018-06-04T17:38:40","slug":"cnj-publica-reajuste-de-auxilio-alimentacao-dos-servidores-do-judiciario","status":"publish","type":"post","link":"https:\/\/blogs.correiobraziliense.com.br\/servidor\/cnj-publica-reajuste-de-auxilio-alimentacao-dos-servidores-do-judiciario\/","title":{"rendered":"CNJ publica reajuste de aux\u00edlio alimenta\u00e7\u00e3o dos servidores do judici\u00e1rio"},"content":{"rendered":"<p><em>O Conselho Nacional de Justi\u00e7a (CNJ) publicou, na \u00faltima sexta-feira (1\/6), o reajuste dos aux\u00edlios alimenta\u00e7\u00e3o e pr\u00e9-escolar dos servidores do judici\u00e1rio: \u00a0R$ 910,08 e R$ 712,62, respectivamente. De acordo com a Portaria Conjunta n.1, o reajuste ser\u00e1 de 3% e come\u00e7a a valer neste m\u00eas de junho de 2018<\/em><\/p>\n<p>Com o aumento, os novos valores da assist\u00eancia pr\u00e9-escolar e do aux\u00edlio alimenta\u00e7\u00e3o ser\u00e3o de R$ 910,08 e R$ 712,62, respectivamente.\u00a0 De acordo com a portaria, a implanta\u00e7\u00e3o dos novos valores em cada \u00f3rg\u00e3o fica condicionado \u00e0 pr\u00e9via demonstra\u00e7\u00e3o da exist\u00eancia de disponibilidade financeira da institui\u00e7\u00e3o.<\/p>\n<p>Al\u00e9m da presidente do CNJ, ministra C\u00e1rmen L\u00facia, assinam a portaria conjunta o presidente do Tribunal Superior Eleitoral (TSE), Luiz Fux; do Superior Tribunal de Justi\u00e7a (STJ), Laurita Vaz; do Tribunal Superior do Trabalho (TST), Jo\u00e3o Batista Brito Pereira; do Superior Tribunal Militar (STM), Jos\u00e9 Coelho Ferreira, e o presidente do Tribunal de Justi\u00e7a do Distrito Federal e Territ\u00f3rios (TJ-DFT), Rom\u00e3o C\u00edcero de Oliveira.<\/p>\n","protected":false},"excerpt":{"rendered":"<p>O Conselho Nacional de Justi\u00e7a (CNJ) publicou, na \u00faltima sexta-feira (1\/6), o reajuste dos aux\u00edlios alimenta\u00e7\u00e3o e pr\u00e9-escolar dos servidores do judici\u00e1rio: \u00a0R$ 910,08 e R$ 712,62, respectivamente. De acordo com a Portaria Conjunta n.1, o reajuste ser\u00e1 de 3% e come\u00e7a a valer neste m\u00eas de junho de 2018 Com o aumento, os novos valores da assist\u00eancia pr\u00e9-escolar e [&hellip;]<\/p>\n","protected":false},"author":27,"featured_media":0,"comment_status":"open","ping_status":"closed","sticky":false,"template":"","format":"standard","meta":{"footnotes":""},"categories":[2719],"tags":[11072,254,64,12546,147,63,58],"class_list":["post-9295","post","type-post","status-publish","format-standard","hentry","category-servidor","tag-auxilio-alimentacao","tag-cnj","tag-judiciario","tag-pre-escolar","tag-publica","tag-reajuste","tag-servidores"],"_links":{"self":[{"href":"https:\/\/blogs.correiobraziliense.com.br\/servidor\/wp-json\/wp\/v2\/posts\/9295","targetHints":{"allow":["GET"]}}],"collection":[{"href":"https:\/\/blogs.correiobraziliense.com.br\/servidor\/wp-json\/wp\/v2\/posts"}],"about":[{"href":"https:\/\/blogs.correiobraziliense.com.br\/servidor\/wp-json\/wp\/v2\/types\/post"}],"author":[{"embeddable":true,"href":"https:\/\/blogs.correiobraziliense.com.br\/servidor\/wp-json\/wp\/v2\/users\/27"}],"replies":[{"embeddable":true,"href":"https:\/\/blogs.correiobraziliense.com.br\/servidor\/wp-json\/wp\/v2\/comments?post=9295"}],"version-history":[{"count":1,"href":"https:\/\/blogs.correiobraziliense.com.br\/servidor\/wp-json\/wp\/v2\/posts\/9295\/revisions"}],"predecessor-version":[{"id":9296,"href":"https:\/\/blogs.correiobraziliense.com.br\/servidor\/wp-json\/wp\/v2\/posts\/9295\/revisions\/9296"}],"wp:attachment":[{"href":"https:\/\/blogs.correiobraziliense.com.br\/servidor\/wp-json\/wp\/v2\/media?parent=9295"}],"wp:term":[{"taxonomy":"category","embeddable":true,"href":"https:\/\/blogs.correiobraziliense.com.br\/servidor\/wp-json\/wp\/v2\/categories?post=9295"},{"taxonomy":"post_tag","embeddable":true,"href":"https:\/\/blogs.correiobraziliense.com.br\/servidor\/wp-json\/wp\/v2\/tags?post=9295"}],"curies":[{"name":"wp","href":"https:\/\/api.w.org\/{rel}","templated":true}]}}