{"id":928,"date":"2016-02-04T14:26:27","date_gmt":"2016-02-04T16:26:27","guid":{"rendered":"https:\/\/blogs.correiobraziliense.com.br\/servidor\/?p=928"},"modified":"2016-02-04T14:26:27","modified_gmt":"2016-02-04T16:26:27","slug":"demitidos-da-gm-farao-protestos-no-carnaval","status":"publish","type":"post","link":"https:\/\/blogs.correiobraziliense.com.br\/servidor\/demitidos-da-gm-farao-protestos-no-carnaval\/","title":{"rendered":"DEMITIDOS DA GM FAR\u00c3O PROTESTOS NO CARNAVAL"},"content":{"rendered":"<p><em>Metal\u00fargicos iniciam luta para anular demiss\u00f5es. Trabalhadores demitidos da General Motors far\u00e3o protesto no Bloco Acorda Pe\u00e3o, no s\u00e1bado de carnaval<\/em><\/p>\n<p>&nbsp;<\/p>\n<p>Os metal\u00fargicos demitidos pela General Motors decidiram, em assembleia nesta quinta-feira (4), que far\u00e3o\u00a0uma campanha pela anula\u00e7\u00e3o das demiss\u00f5es na f\u00e1brica. O primeiro passo ser\u00e1 um protesto neste s\u00e1bado de carnaval, dia 6, no desfile do Bloco Acorda Pe\u00e3o, organizado pelo Sindicato dos Metal\u00fargicos de S\u00e3o Jos\u00e9 dos Campos e CSP-Conlutas.<\/p>\n<p>&nbsp;<\/p>\n<p>Um grupo de 517 trabalhadores foi demitido na segunda-feira (1\u00ba), ap\u00f3s cinco meses em lay-off. Com a campanha, eles pretendem pressionar o governo federal e a empresa para que as demiss\u00f5es sejam revertidas. Uma caravana dever\u00e1 ir a Bras\u00edlia para reivindicar que a presidente Dilma Rousseff garanta, por meio de medida provis\u00f3ria, estabilidade no emprego para todos os trabalhadores.<\/p>\n<p>&nbsp;<\/p>\n<p>O Bloco Acorda Pe\u00e3o sair\u00e1 \u00e0s 10h, com o samba-enredo \u201cSeguir na luta \u00e9 preciso\u201d, em que o carro abre-alas vai trazer cr\u00edticas \u00e0 corrup\u00e7\u00e3o na Petrobras e \u00e0 Samarco\/Vale, empresa respons\u00e1vel pela trag\u00e9dia em Mariana (MG). O bloco tamb\u00e9m vai comemorar os 60 anos de funda\u00e7\u00e3o do Sindicato dos Metal\u00fargicos, um dos mais combativos do pa\u00eds.<\/p>\n<p>&nbsp;<\/p>\n<p>Com a decis\u00e3o dos trabalhadores da GM participarem do desfile, haver\u00e1 tamb\u00e9m faixas e cartazes contra as demiss\u00f5es.<\/p>\n<p>&nbsp;<\/p>\n<p>Antes de ir para o bloco, os trabalhadores ir\u00e3o se reunir, \u00e0s 9h, na sede do Sindicato, \u00e0 Rua Maur\u00edcio Diamante, 65, Centro. O Acorda Pe\u00e3o sair\u00e1 da Rua Francisco Paes, 316, e desfilar\u00e1 pelas ruas centrais da cidade.<\/p>\n<p>&nbsp;<\/p>\n<p><strong>Luta por estabilidade<\/strong><\/p>\n<p>Durante a assembleia, o presidente do Sindicato, Ant\u00f4nio Ferreira de Barros, o Macap\u00e1, ressaltou que as demiss\u00f5es est\u00e3o ocorrendo em todo o pa\u00eds e que se o governo federal n\u00e3o garantir estabilidade para todos, o \u00edndice de desemprego vai crescer ainda mais.<\/p>\n<p>&nbsp;<\/p>\n<p>\u201cEstamos comprovando que o PPE (Programa de Prote\u00e7\u00e3o ao Emprego) n\u00e3o est\u00e1 funcionando, como vimos na Volkswagen e Mercedes Benz. A \u00fanica sa\u00edda \u00e9 a garantia de estabilidade e a redu\u00e7\u00e3o da jornada sem redu\u00e7\u00e3o de sal\u00e1rio\u201d, afirmou Macap\u00e1.<\/p>\n<p>&nbsp;<\/p>\n<p>As duas montadoras (Volks e Mercedes) j\u00e1 anunciaram que ir\u00e3o afastar parte de seus funcion\u00e1rios, apesar de terem aderido ao PPE e reduzido sal\u00e1rios. Na Regi\u00e3o do ABC, o setor industrial fechou 28 mil postos de trabalho em 2015.<\/p>\n<p>&nbsp;<\/p>\n<p>Desde segunda-feira, o Sindicato est\u00e1 tentando agendar uma reuni\u00e3o com a GM para discutir a situa\u00e7\u00e3o dos trabalhadores, mas at\u00e9 agora a empresa n\u00e3o deu qualquer resposta.<\/p>\n<p>&nbsp;<\/p>\n<p>Macap\u00e1 se reuniu com o prefeito de S\u00e3o Jos\u00e9 dos Campos, Carlinhos Almeida (PT), na quarta-feira (3), e reivindicou que interceda para que a GM cancele as demiss\u00f5es.<\/p>\n<p>&nbsp;<\/p>\n<p>O Sindicato defende que a Prefeitura e a C\u00e2mara Municipal devem cobrar a manuten\u00e7\u00e3o dos empregos e o investimento de R$ 2,5 bilh\u00f5es no complexo de S\u00e3o Jos\u00e9 dos Campos, conforme acordo assinado pela montadora em julho de 2013.<\/p>\n<p>&nbsp;<\/p>\n<p>\u201cO tamanho da conquista depende do tamanho da nossa mobiliza\u00e7\u00e3o. Vamos colocar nossa campanha nas ruas e cobrar das autoridades medidas concretas em defesa do emprego\u201d, disse Luiz Carlos Prates, o Mancha, membro da Executiva Nacional da CSP-Conlutas.<\/p>\n<p>&nbsp;<\/p>\n<p><em>\u00a0<\/em><\/p>\n","protected":false},"excerpt":{"rendered":"<p>Metal\u00fargicos iniciam luta para anular demiss\u00f5es. Trabalhadores demitidos da General Motors far\u00e3o protesto no Bloco Acorda Pe\u00e3o, no s\u00e1bado de carnaval &nbsp; Os metal\u00fargicos demitidos pela General Motors decidiram, em assembleia nesta quinta-feira (4), que far\u00e3o\u00a0uma campanha pela anula\u00e7\u00e3o das demiss\u00f5es na f\u00e1brica. O primeiro passo ser\u00e1 um protesto neste s\u00e1bado de carnaval, dia 6, no desfile do Bloco Acorda [&hellip;]<\/p>\n","protected":false},"author":27,"featured_media":0,"comment_status":"open","ping_status":"closed","sticky":false,"template":"","format":"standard","meta":{"footnotes":""},"categories":[1],"tags":[720,305,662,717,620,471,719,718],"class_list":["post-928","post","type-post","status-publish","format-standard","hentry","category-sem-categoria","tag-bloco","tag-campanha","tag-carnaval","tag-demitidos","tag-estabilidade","tag-gm","tag-luta","tag-protesto"],"_links":{"self":[{"href":"https:\/\/blogs.correiobraziliense.com.br\/servidor\/wp-json\/wp\/v2\/posts\/928","targetHints":{"allow":["GET"]}}],"collection":[{"href":"https:\/\/blogs.correiobraziliense.com.br\/servidor\/wp-json\/wp\/v2\/posts"}],"about":[{"href":"https:\/\/blogs.correiobraziliense.com.br\/servidor\/wp-json\/wp\/v2\/types\/post"}],"author":[{"embeddable":true,"href":"https:\/\/blogs.correiobraziliense.com.br\/servidor\/wp-json\/wp\/v2\/users\/27"}],"replies":[{"embeddable":true,"href":"https:\/\/blogs.correiobraziliense.com.br\/servidor\/wp-json\/wp\/v2\/comments?post=928"}],"version-history":[{"count":1,"href":"https:\/\/blogs.correiobraziliense.com.br\/servidor\/wp-json\/wp\/v2\/posts\/928\/revisions"}],"predecessor-version":[{"id":929,"href":"https:\/\/blogs.correiobraziliense.com.br\/servidor\/wp-json\/wp\/v2\/posts\/928\/revisions\/929"}],"wp:attachment":[{"href":"https:\/\/blogs.correiobraziliense.com.br\/servidor\/wp-json\/wp\/v2\/media?parent=928"}],"wp:term":[{"taxonomy":"category","embeddable":true,"href":"https:\/\/blogs.correiobraziliense.com.br\/servidor\/wp-json\/wp\/v2\/categories?post=928"},{"taxonomy":"post_tag","embeddable":true,"href":"https:\/\/blogs.correiobraziliense.com.br\/servidor\/wp-json\/wp\/v2\/tags?post=928"}],"curies":[{"name":"wp","href":"https:\/\/api.w.org\/{rel}","templated":true}]}}