{"id":9273,"date":"2018-05-31T15:35:33","date_gmt":"2018-05-31T18:35:33","guid":{"rendered":"https:\/\/blogs.correiobraziliense.com.br\/servidor\/?p=9273"},"modified":"2018-05-31T15:35:33","modified_gmt":"2018-05-31T18:35:33","slug":"sinait-exoneracao-da-secretaria-da-sit-e-mais-uma-interferencia-do-governo-na-fiscalizacao","status":"publish","type":"post","link":"https:\/\/blogs.correiobraziliense.com.br\/servidor\/sinait-exoneracao-da-secretaria-da-sit-e-mais-uma-interferencia-do-governo-na-fiscalizacao\/","title":{"rendered":"Sinait &#8211; Exonera\u00e7\u00e3o da secret\u00e1ria da SIT \u00e9 mais uma interfer\u00eancia do governo na fiscaliza\u00e7\u00e3o"},"content":{"rendered":"<p><em>O Di\u00e1rio Oficial da Uni\u00e3o (DOU) publicou, ontem, 30 de maio, a exonera\u00e7\u00e3o da secret\u00e1ria da Inspe\u00e7\u00e3o do Trabalho do Minist\u00e9rio do Trabalho (SIT\/MTb), Maria Teresa Pacheco Jensen. A demiss\u00e3o foi assinada pelo ministro-chefe da Casa Civil da Presid\u00eancia da Rep\u00fablica, Eliseu Padilha<\/em><\/p>\n<p>A exonera\u00e7\u00e3o, apontou o Sindicato nacional da categoria (Sinait), ocorre poucos dias ap\u00f3s entrevista da secret\u00e1ria \u00e0 Rede Globo, em que afirmou que h\u00e1 poucos recursos e faltam auditores-fiscais do Trabalho para a fiscaliza\u00e7\u00e3o. &#8220;A possibilidade de exonera\u00e7\u00e3o j\u00e1 estava sendo sinalizada pelo governo h\u00e1 alguns dias, com notas \u201cplantadas\u201d em colunas de jornais. Para o Sinait, configura-se mais um ato de inger\u00eancia sobre a &#8220;auditoria-fiscal do Trabalho&#8221;, destacou o Sinait.<\/p>\n<p>O presidente do Sinait, Carlos Silva, criticou a demiss\u00e3o da secret\u00e1ria, que ficou sabendo da decis\u00e3o pelo DOU. \u201c\u00c9 um desrespeito \u00e0 Secret\u00e1ria e \u00e0 Inspe\u00e7\u00e3o do Trabalho\u201d. Ele enfatizou que a \u201ccategoria saber\u00e1 conduzir o momento. Somos fortes!\u201d.<\/p>\n<p>O presidente declarou que Maria Teresa e toda a sua equipe de trabalho t\u00eam o reconhecimento do Sinait e da maioria da categoria pelos bons servi\u00e7os prestados \u00e0 Auditoria-Fiscal do Trabalho e aos trabalhadores no Brasil. \u201cEla tem a nossa solidariedade. N\u00e3o aprovamos a forma desrespeitosa como se deu a sua exonera\u00e7\u00e3o\u201d.<\/p>\n<p>A vice-presidente do Sinait, Rosa Maria Campos Jorge, tamb\u00e9m comenta a exonera\u00e7\u00e3o. \u201c\u00c0 Maria Tereza e aos integrantes da sua equipe os agradecimentos pelo brilhante trabalho \u00e0 frente da SIT. Esperamos que o pr\u00f3ximo secret\u00e1rio fa\u00e7a cumprir a Conven\u00e7\u00e3o 81 da OIT, garantindo a independ\u00eancia e autonomia dos auditores-fiscais do Trabalho como autoridades trabalhistas que s\u00e3o\u201d.<\/p>\n<p>Outro auditor-fiscal do Trabalho foi nomeado para o cargo. \u00c9 Cl\u00e1udio Secchin, lotado na Superintend\u00eancia Regional do Trabalho do Rio de Janeiro (SRT\/RJ). Carlos Silva lamenta que isso ocorra em circunst\u00e2ncias de clara interfer\u00eancia do governo na organiza\u00e7\u00e3o da Inspe\u00e7\u00e3o do Trabalho. Espera que a aten\u00e7\u00e3o e o di\u00e1logo com o Sinait tenham continuidade. \u201cO Sinait representa a categoria e esperamos continuar tendo interlocu\u00e7\u00e3o aberta do Sindicato com a SIT, consequentemente, com os representantes do Minist\u00e9rio do Trabalho\u201d.<\/p>\n<p><strong>Dever cumprido<\/strong><\/p>\n<p>Maria Teresa Pacheco Jensen afirmou que deixa o cargo com o sentimento de dever cumprido. \u201cFiz o que precisava na defesa do interesse p\u00fablico e do fortalecimento da Inspe\u00e7\u00e3o do Trabalho no Brasil. Sigo, como sempre, tranquila e reta no caminho do bem\u201d.<\/p>\n<p>Acesse\u00a0<a href=\"http:\/\/pesquisa.in.gov.br\/imprensa\/jsp\/visualiza\/index.jsp?data=30\/05\/2018&amp;jornal=529&amp;pagina=2&amp;totalArquivos=96\" target=\"_blank\"><strong>aqui<\/strong><\/a>\u00a0a publica\u00e7\u00e3o do DOU.<\/p>\n<p>Leia <strong><a href=\"https:\/\/sinait.org.br\/site\/noticia-view\/?id=15706\/\" target=\"_blank\">Nota do Sinait em apoio \u00e0 secret\u00e1ria da SIT<\/a><\/strong> publicado no dia 18\/05\/2018.<\/p>\n","protected":false},"excerpt":{"rendered":"<p>O Di\u00e1rio Oficial da Uni\u00e3o (DOU) publicou, ontem, 30 de maio, a exonera\u00e7\u00e3o da secret\u00e1ria da Inspe\u00e7\u00e3o do Trabalho do Minist\u00e9rio do Trabalho (SIT\/MTb), Maria Teresa Pacheco Jensen. A demiss\u00e3o foi assinada pelo ministro-chefe da Casa Civil da Presid\u00eancia da Rep\u00fablica, Eliseu Padilha A exonera\u00e7\u00e3o, apontou o Sindicato nacional da categoria (Sinait), ocorre poucos dias ap\u00f3s entrevista da secret\u00e1ria \u00e0 [&hellip;]<\/p>\n","protected":false},"author":27,"featured_media":0,"comment_status":"open","ping_status":"closed","sticky":false,"template":"","format":"standard","meta":{"footnotes":""},"categories":[2719],"tags":[648,12526,1017,1769,2208,908,940,98,12525,814,2841,316,2082,905,4245],"class_list":["post-9273","post","type-post","status-publish","format-standard","hentry","category-servidor","tag-auditores-fiscais","tag-catogoria","tag-demissao","tag-dou","tag-entrevista","tag-exoneracao","tag-fiscalizacao","tag-governo","tag-ingerancia","tag-interferencia","tag-ministerio-do-trabalho","tag-recursos","tag-secretaria","tag-sinait","tag-sit"],"_links":{"self":[{"href":"https:\/\/blogs.correiobraziliense.com.br\/servidor\/wp-json\/wp\/v2\/posts\/9273","targetHints":{"allow":["GET"]}}],"collection":[{"href":"https:\/\/blogs.correiobraziliense.com.br\/servidor\/wp-json\/wp\/v2\/posts"}],"about":[{"href":"https:\/\/blogs.correiobraziliense.com.br\/servidor\/wp-json\/wp\/v2\/types\/post"}],"author":[{"embeddable":true,"href":"https:\/\/blogs.correiobraziliense.com.br\/servidor\/wp-json\/wp\/v2\/users\/27"}],"replies":[{"embeddable":true,"href":"https:\/\/blogs.correiobraziliense.com.br\/servidor\/wp-json\/wp\/v2\/comments?post=9273"}],"version-history":[{"count":1,"href":"https:\/\/blogs.correiobraziliense.com.br\/servidor\/wp-json\/wp\/v2\/posts\/9273\/revisions"}],"predecessor-version":[{"id":9274,"href":"https:\/\/blogs.correiobraziliense.com.br\/servidor\/wp-json\/wp\/v2\/posts\/9273\/revisions\/9274"}],"wp:attachment":[{"href":"https:\/\/blogs.correiobraziliense.com.br\/servidor\/wp-json\/wp\/v2\/media?parent=9273"}],"wp:term":[{"taxonomy":"category","embeddable":true,"href":"https:\/\/blogs.correiobraziliense.com.br\/servidor\/wp-json\/wp\/v2\/categories?post=9273"},{"taxonomy":"post_tag","embeddable":true,"href":"https:\/\/blogs.correiobraziliense.com.br\/servidor\/wp-json\/wp\/v2\/tags?post=9273"}],"curies":[{"name":"wp","href":"https:\/\/api.w.org\/{rel}","templated":true}]}}