{"id":9271,"date":"2018-05-31T15:12:33","date_gmt":"2018-05-31T18:12:33","guid":{"rendered":"https:\/\/blogs.correiobraziliense.com.br\/servidor\/?p=9271"},"modified":"2018-05-31T15:12:33","modified_gmt":"2018-05-31T18:12:33","slug":"sindifisco-nacional-sabatina-pre-candidatos-presidencia","status":"publish","type":"post","link":"https:\/\/blogs.correiobraziliense.com.br\/servidor\/sindifisco-nacional-sabatina-pre-candidatos-presidencia\/","title":{"rendered":"Sindifisco Nacional sabatina pr\u00e9-candidatos \u00e0 Presid\u00eancia"},"content":{"rendered":"<p><em>Os principais nomes \u00e0 Presid\u00eancia, em outubro, estar\u00e3o dia 6 de junho frente a frente com os auditores-fiscais, em sabatina promovida pelo Sindicato Nacional dos Auditores Fiscais da Receita Federal (Sindifisco Nacional), no audit\u00f3rio do <strong>Correio Braziliense<\/strong>. Chegou a hora de cobrar dos postulantes suas posi\u00e7\u00f5es sobre reformas tribut\u00e1ria e previdenci\u00e1ria, funcionalismo, fronteiras, contas p\u00fablicas, efici\u00eancia do Estado e outros assuntos de interesse da sociedade<\/em><\/p>\n<p>Est\u00e3o confirmadas as presen\u00e7as de Rodrigo Maia, Jair Bolsonaro, Marina Silva, Ciro Gomes, Geraldo Alckmin, Henrique Meirelles e \u00c1lvaro Dias. S\u00e3o esperadas para as pr\u00f3ximas horas as participa\u00e7\u00f5es de Manoela D\u2019\u00c1vila, Guilherme Boulos, Fl\u00e1vio Rocha e Jo\u00e3o Amo\u00eado.<\/p>\n<p>\u201cO momento \u00e9 dif\u00edcil e h\u00e1 quest\u00f5es que passam diretamente pela atua\u00e7\u00e3o dos auditores-fiscais, como a tributa\u00e7\u00e3o e a seguran\u00e7a nas fronteiras. As elei\u00e7\u00f5es s\u00e3o motivo de esperan\u00e7a, de um olhar otimista para o futuro. \u00c9 fundamental ter essa conversa franca\u201d, acredita Claudio Damasceno, presidente do Sindifisco Nacional.<\/p>\n<p>As vagas s\u00e3o limitadas. O credenciamento de imprensa j\u00e1 est\u00e1 aberto e vai at\u00e9 dia 4. Deve ser feito pelos n\u00fameros <a href=\"(61)%203214-1210\">(61) 3214-1210<\/a>\u00a0e (61) 3214-1388 ou pelo endere\u00e7o <a href=\"mailto:correioentrevista@gmail.com\">correioentrevista@gmail.com<\/a>. \u00c9 preciso nome completo,\u00a0CPF,\u00a0telefone,\u00a0e-mail e ve\u00edculo em que trabalha.<\/p>\n<p>O evento ser\u00e1 transmitido pelas p\u00e1ginas do Sindifisco Nacional \u2013 <a href=\"https:\/\/www.sindifisconacional.org.br\/\">https:\/\/www.sindifisconacional.org.br\/<\/a> e <a href=\"https:\/\/www.facebook.com\/sindifisco.nacional\/\">https:\/\/www.facebook.com\/sindifisco.nacional\/<\/a>. Tamb\u00e9m poder\u00e1 ser acompanhado pelas p\u00e1ginas do jornal e haver\u00e1 inser\u00e7\u00f5es na TV Bras\u00edlia.<\/p>\n","protected":false},"excerpt":{"rendered":"<p>Os principais nomes \u00e0 Presid\u00eancia, em outubro, estar\u00e3o dia 6 de junho frente a frente com os auditores-fiscais, em sabatina promovida pelo Sindicato Nacional dos Auditores Fiscais da Receita Federal (Sindifisco Nacional), no audit\u00f3rio do Correio Braziliense. Chegou a hora de cobrar dos postulantes suas posi\u00e7\u00f5es sobre reformas tribut\u00e1ria e previdenci\u00e1ria, funcionalismo, fronteiras, contas p\u00fablicas, efici\u00eancia do Estado e outros [&hellip;]<\/p>\n","protected":false},"author":27,"featured_media":0,"comment_status":"open","ping_status":"closed","sticky":false,"template":"","format":"standard","meta":{"footnotes":""},"categories":[2719],"tags":[648,2065,178,458,12524,765,294,8386,163],"class_list":["post-9271","post","type-post","status-publish","format-standard","hentry","category-servidor","tag-auditores-fiscais","tag-auditorio","tag-candidatos","tag-correio-braziliense","tag-pre","tag-presidencia-da-republica","tag-receita-federal","tag-sabatina","tag-sindifisco-nacional"],"_links":{"self":[{"href":"https:\/\/blogs.correiobraziliense.com.br\/servidor\/wp-json\/wp\/v2\/posts\/9271","targetHints":{"allow":["GET"]}}],"collection":[{"href":"https:\/\/blogs.correiobraziliense.com.br\/servidor\/wp-json\/wp\/v2\/posts"}],"about":[{"href":"https:\/\/blogs.correiobraziliense.com.br\/servidor\/wp-json\/wp\/v2\/types\/post"}],"author":[{"embeddable":true,"href":"https:\/\/blogs.correiobraziliense.com.br\/servidor\/wp-json\/wp\/v2\/users\/27"}],"replies":[{"embeddable":true,"href":"https:\/\/blogs.correiobraziliense.com.br\/servidor\/wp-json\/wp\/v2\/comments?post=9271"}],"version-history":[{"count":1,"href":"https:\/\/blogs.correiobraziliense.com.br\/servidor\/wp-json\/wp\/v2\/posts\/9271\/revisions"}],"predecessor-version":[{"id":9272,"href":"https:\/\/blogs.correiobraziliense.com.br\/servidor\/wp-json\/wp\/v2\/posts\/9271\/revisions\/9272"}],"wp:attachment":[{"href":"https:\/\/blogs.correiobraziliense.com.br\/servidor\/wp-json\/wp\/v2\/media?parent=9271"}],"wp:term":[{"taxonomy":"category","embeddable":true,"href":"https:\/\/blogs.correiobraziliense.com.br\/servidor\/wp-json\/wp\/v2\/categories?post=9271"},{"taxonomy":"post_tag","embeddable":true,"href":"https:\/\/blogs.correiobraziliense.com.br\/servidor\/wp-json\/wp\/v2\/tags?post=9271"}],"curies":[{"name":"wp","href":"https:\/\/api.w.org\/{rel}","templated":true}]}}