{"id":9265,"date":"2018-05-30T13:08:03","date_gmt":"2018-05-30T16:08:03","guid":{"rendered":"https:\/\/blogs.correiobraziliense.com.br\/servidor\/?p=9265"},"modified":"2018-05-30T13:08:03","modified_gmt":"2018-05-30T16:08:03","slug":"menos-impostos-mais-liberdade-novo-em-acao-nacional-no-dia-da-liberdade-de-impostos","status":"publish","type":"post","link":"https:\/\/blogs.correiobraziliense.com.br\/servidor\/menos-impostos-mais-liberdade-novo-em-acao-nacional-no-dia-da-liberdade-de-impostos\/","title":{"rendered":"Menos impostos, mais liberdade: Novo em a\u00e7\u00e3o nacional no Dia da Liberdade de Impostos"},"content":{"rendered":"<p>Este ano, os brasileiros ter\u00e3o de trabalhar 153 dias s\u00f3 para pagar os impostos cobrados pelo governo, e para que essa data n\u00e3o passe em branco, o Partido Novo est\u00e1 apoiando o Dia da Liberdade de Impostos. \u201cEntre os dias 1 e 5 de junho nossos volunt\u00e1rios estar\u00e3o promovendo diversas a\u00e7\u00f5es em estabelecimentos comerciais por todo Brasil, a fim de chamar a aten\u00e7\u00e3o da opini\u00e3o p\u00fablica para essa quest\u00e3o\u201d, disse Mois\u00e9s Jardim, presidente nacional do Partido Novo.<\/p>\n<p>O objetivo da mobiliza\u00e7\u00e3o, de acordo com os organizadores, \u00e9 conscientizar as pessoas quanto \u00e0 abusiva carga tribut\u00e1ria do pa\u00eds. Muitos consumidores nem mesmo sabem, mas pagam cerca de 40% de imposto em cada produto comprado. \u201cTrabalhamos praticamente seis meses do ano para bancar um governo que n\u00e3o entrega nem mesmo os servi\u00e7os b\u00e1sicos \u00e0 popula\u00e7\u00e3o\u201d, afirma Jardim.<\/p>\n<p>O Brasil figura na lista dos pa\u00edses que possuem\u00a0uma das maiores cargas tribut\u00e1rias do mundo. Al\u00e9m disso, a rela\u00e7\u00e3o entre o que o cidad\u00e3o paga de imposto e os servi\u00e7os p\u00fabicos oferecidos pelo Estado \u00e9 extremamente desigual, j\u00e1 que a maior parte dos brasileiros n\u00e3o tem acesso a servi\u00e7os b\u00e1sicos como sa\u00fade, educa\u00e7\u00e3o e infraestrutura.<\/p>\n<p>O mau uso da receita gerada pelos tributos arrecadados tem impacto direto no dia a dia de todos os brasileiros. Por isso o Partido Novo defende uma gest\u00e3o de Estado competente, formado por uma equipe t\u00e9cnica e qualificada que esteja comprometida \u00e0 implementar pol\u00edticas p\u00fablicas de qualidade e que fa\u00e7am um bom uso do dinheiro p\u00fablico. \u201cE \u00e9 justamente isso que o Novo prop\u00f5e. Um Estado enxuto, eficiente sem privil\u00e9gios. Que consiga atender as necessidades, mas b\u00e1sicas do cidad\u00e3o, sem ser irrespons\u00e1vel do ponto de vista fiscal\u201d, finaliza Jardim.<\/p>\n","protected":false},"excerpt":{"rendered":"<p>Este ano, os brasileiros ter\u00e3o de trabalhar 153 dias s\u00f3 para pagar os impostos cobrados pelo governo, e para que essa data n\u00e3o passe em branco, o Partido Novo est\u00e1 apoiando o Dia da Liberdade de Impostos. \u201cEntre os dias 1 e 5 de junho nossos volunt\u00e1rios estar\u00e3o promovendo diversas a\u00e7\u00f5es em estabelecimentos comerciais por todo Brasil, a fim de [&hellip;]<\/p>\n","protected":false},"author":27,"featured_media":0,"comment_status":"open","ping_status":"closed","sticky":false,"template":"","format":"standard","meta":{"footnotes":""},"categories":[2719],"tags":[176,7630,9747,874,5153,98,2770,1757,70,924,1307],"class_list":["post-9265","post","type-post","status-publish","format-standard","hentry","category-servidor","tag-acao","tag-carga","tag-comerciais","tag-consumidores","tag-estabelecimentos","tag-governo","tag-impostos","tag-liberdade","tag-nacional","tag-novo","tag-tributaria"],"_links":{"self":[{"href":"https:\/\/blogs.correiobraziliense.com.br\/servidor\/wp-json\/wp\/v2\/posts\/9265","targetHints":{"allow":["GET"]}}],"collection":[{"href":"https:\/\/blogs.correiobraziliense.com.br\/servidor\/wp-json\/wp\/v2\/posts"}],"about":[{"href":"https:\/\/blogs.correiobraziliense.com.br\/servidor\/wp-json\/wp\/v2\/types\/post"}],"author":[{"embeddable":true,"href":"https:\/\/blogs.correiobraziliense.com.br\/servidor\/wp-json\/wp\/v2\/users\/27"}],"replies":[{"embeddable":true,"href":"https:\/\/blogs.correiobraziliense.com.br\/servidor\/wp-json\/wp\/v2\/comments?post=9265"}],"version-history":[{"count":1,"href":"https:\/\/blogs.correiobraziliense.com.br\/servidor\/wp-json\/wp\/v2\/posts\/9265\/revisions"}],"predecessor-version":[{"id":9266,"href":"https:\/\/blogs.correiobraziliense.com.br\/servidor\/wp-json\/wp\/v2\/posts\/9265\/revisions\/9266"}],"wp:attachment":[{"href":"https:\/\/blogs.correiobraziliense.com.br\/servidor\/wp-json\/wp\/v2\/media?parent=9265"}],"wp:term":[{"taxonomy":"category","embeddable":true,"href":"https:\/\/blogs.correiobraziliense.com.br\/servidor\/wp-json\/wp\/v2\/categories?post=9265"},{"taxonomy":"post_tag","embeddable":true,"href":"https:\/\/blogs.correiobraziliense.com.br\/servidor\/wp-json\/wp\/v2\/tags?post=9265"}],"curies":[{"name":"wp","href":"https:\/\/api.w.org\/{rel}","templated":true}]}}