{"id":926,"date":"2016-02-04T12:35:32","date_gmt":"2016-02-04T14:35:32","guid":{"rendered":"https:\/\/blogs.correiobraziliense.com.br\/servidor\/?p=926"},"modified":"2016-02-04T12:35:32","modified_gmt":"2016-02-04T14:35:32","slug":"campanha-salarial-da-aviacao-tst-se-reune-com-empregados-e-patroes","status":"publish","type":"post","link":"https:\/\/blogs.correiobraziliense.com.br\/servidor\/campanha-salarial-da-aviacao-tst-se-reune-com-empregados-e-patroes\/","title":{"rendered":"CAMPANHA SALARIAL DA AVIA\u00c7\u00c3O: TST SE RE\u00daNE COM EMPREGADOS E PATR\u00d5ES"},"content":{"rendered":"<p><em>TST agenda reuni\u00e3o com Fentac\/CUT e SNEA para o dia 17. Aeronautas e aerovi\u00e1rios anteciparam as assembleias. Se re\u00fanem com as bases amanh\u00e3 para decidir sobre a retomada da paralisa\u00e7\u00e3o nacional<\/em><\/p>\n<p>&nbsp;<\/p>\n<p>Em comunicado divulgado na noite de quarta-feira (3), o\u00a0 vice-presidente do Tribunal Superior do Trabalho (TST), ministro Ives Gandra Martins Filho, agendou uma audi\u00eancia de concilia\u00e7\u00e3o da Campanha Salarial entre a Federa\u00e7\u00e3o Nacional dos Trabalhadores na Avia\u00e7\u00e3o Civil da CUT (Fentac) e o Sindicato Nacional das Empresas A\u00e9reas (SNEA), no dia 17 de fevereiro, \u00e0s 9h, na sede do Tribunal, em Bras\u00edlia.<\/p>\n<p>A Federa\u00e7\u00e3o representa os sindicatos dos aerovi\u00e1rios de Guarulhos, Campinas, Recife, Porto Alegre e os Sindicatos Nacional dos Aeronautas e \u00a0Aerovi\u00e1rios.\u00a0 Na ocasi\u00e3o, o ministro discutir\u00e1 com os trabalhadores e as empresas\u00a0 sobre uma proposta de reajuste nos sal\u00e1rios, benef\u00edcios e direitos sociais.<\/p>\n<p>As categorias rejeitaram a proposta das empresas a\u00e9reas que previam pagamentos parcelados por faixas salariais, n\u00e3o retroativos \u00e0 data-base, 1\u00ba de dezembro.\u00a0 Segundo a Fentac,\u00a0esse formato trar\u00e1 preju\u00edzos ao bolso dos trabalhadores, pois as perdas salariais oscilariam entre 53,16% e 96,22% de um sal\u00e1rio mensal ao longo do per\u00edodo em que o reajuste \u00e9 aplicado.<\/p>\n<p><strong>Valoriza\u00e7\u00e3o nos sal\u00e1rios <\/strong><\/p>\n<p>Os trabalhadores na avia\u00e7\u00e3o civil reivindicam reajuste de 11% nos sal\u00e1rios e benef\u00edcios retroativo \u00e0 data-base\u00a0 (venceu em 1\u00ba de dezembro), que far\u00e1 a recomposi\u00e7\u00e3o das perdas inflacion\u00e1rias.\u00a0 &#8220;Esperamos que as empresas desta vez\u00a0 reconhe\u00e7am a import\u00e2ncia de valorizar os sal\u00e1rios dos aeronautas e aerovi\u00e1rios e tamb\u00e9m avancem na melhoria dos direitos sociais&#8221;, diz Sergio Dias, presidente da Fentac.<\/p>\n<p>&nbsp;<\/p>\n<p><strong>Assembleias e consultas \u00e0s bases<\/strong><\/p>\n<p>Diante dessa audi\u00eancia no TST, os sindicatos filiados anteciparam as assembleias, previstas ap\u00f3s o carnaval, para essa sexta-feira (5). Os Aeronautas\u00a0 realizar\u00e3o, em car\u00e1ter de urg\u00eancia, nas suas bases em S\u00e3o Paulo, Rio de Janeiro, Campinas, Bras\u00edlia e Porto Alegre. J\u00e1 os sindicatos dos aerovi\u00e1rios tamb\u00e9m far\u00e3o consultas aos trabalhadores nos turnos nos aeroportos em todo o pa\u00eds.<\/p>\n<p>As categorias avaliar\u00e3o os desdobramentos do movimento grevista, realizado com sucesso e grande participa\u00e7\u00e3o de tripulantes e aerovi\u00e1rios na quarta-feira (3), que parou por duas horas 12 aeroportos do Brasil, bem como decidir\u00e3o sobre a retomada ou n\u00e3o da paralisa\u00e7\u00e3o.<\/p>\n<p>&nbsp;<\/p>\n<p><strong>Meta cumprida<\/strong><\/p>\n<p>A paralisa\u00e7\u00e3o nacional dos aerovi\u00e1rios e aeronautas cumpriu integralmente e com folga a determina\u00e7\u00e3o do Tribunal Superior do Trabalho (TST) de manuten\u00e7\u00e3o de 80% dos servi\u00e7os.<\/p>\n<p>&nbsp;<\/p>\n<p><strong>Perfil <\/strong><\/p>\n<p><strong>A data-base das categorias venceu em 1\u00ba dezembro. <\/strong>Est\u00e3o em Campanha Salarial na base da Fentac\/CUT cerca 70 mil trabalhadores na avia\u00e7\u00e3o civil regular: <strong>aerovi\u00e1rios<\/strong> (que trabalham em solo do aeroporto: agente de check-in\/atendimento, auxiliar de servi\u00e7os gerais, mec\u00e2nicos de aeronaves, agente de prote\u00e7\u00e3o\/bagagem, operador de equipamentos, entre outros) e <strong>aeronautas<\/strong> (que trabalham dentro da aeronave: comandantes \u2013 pilotos, co-pilotos &#8211; comiss\u00e1rios e comiss\u00e1rias de voo, entre outros).<\/p>\n","protected":false},"excerpt":{"rendered":"<p>TST agenda reuni\u00e3o com Fentac\/CUT e SNEA para o dia 17. Aeronautas e aerovi\u00e1rios anteciparam as assembleias. Se re\u00fanem com as bases amanh\u00e3 para decidir sobre a retomada da paralisa\u00e7\u00e3o nacional &nbsp; Em comunicado divulgado na noite de quarta-feira (3), o\u00a0 vice-presidente do Tribunal Superior do Trabalho (TST), ministro Ives Gandra Martins Filho, agendou uma audi\u00eancia de concilia\u00e7\u00e3o da Campanha [&hellip;]<\/p>\n","protected":false},"author":27,"featured_media":0,"comment_status":"open","ping_status":"closed","sticky":false,"template":"","format":"standard","meta":{"footnotes":""},"categories":[1],"tags":[387,388,518,715,714,70,506,716,18,503],"class_list":["post-926","post","type-post","status-publish","format-standard","hentry","category-sem-categoria","tag-aeronautas","tag-aeroviarios","tag-assembleia","tag-aviacao","tag-camapanha","tag-nacional","tag-paralisacao","tag-retomada","tag-salarial","tag-tst"],"_links":{"self":[{"href":"https:\/\/blogs.correiobraziliense.com.br\/servidor\/wp-json\/wp\/v2\/posts\/926","targetHints":{"allow":["GET"]}}],"collection":[{"href":"https:\/\/blogs.correiobraziliense.com.br\/servidor\/wp-json\/wp\/v2\/posts"}],"about":[{"href":"https:\/\/blogs.correiobraziliense.com.br\/servidor\/wp-json\/wp\/v2\/types\/post"}],"author":[{"embeddable":true,"href":"https:\/\/blogs.correiobraziliense.com.br\/servidor\/wp-json\/wp\/v2\/users\/27"}],"replies":[{"embeddable":true,"href":"https:\/\/blogs.correiobraziliense.com.br\/servidor\/wp-json\/wp\/v2\/comments?post=926"}],"version-history":[{"count":1,"href":"https:\/\/blogs.correiobraziliense.com.br\/servidor\/wp-json\/wp\/v2\/posts\/926\/revisions"}],"predecessor-version":[{"id":927,"href":"https:\/\/blogs.correiobraziliense.com.br\/servidor\/wp-json\/wp\/v2\/posts\/926\/revisions\/927"}],"wp:attachment":[{"href":"https:\/\/blogs.correiobraziliense.com.br\/servidor\/wp-json\/wp\/v2\/media?parent=926"}],"wp:term":[{"taxonomy":"category","embeddable":true,"href":"https:\/\/blogs.correiobraziliense.com.br\/servidor\/wp-json\/wp\/v2\/categories?post=926"},{"taxonomy":"post_tag","embeddable":true,"href":"https:\/\/blogs.correiobraziliense.com.br\/servidor\/wp-json\/wp\/v2\/tags?post=926"}],"curies":[{"name":"wp","href":"https:\/\/api.w.org\/{rel}","templated":true}]}}