{"id":9259,"date":"2018-05-30T10:32:03","date_gmt":"2018-05-30T13:32:03","guid":{"rendered":"https:\/\/blogs.correiobraziliense.com.br\/servidor\/?p=9259"},"modified":"2018-05-30T10:32:03","modified_gmt":"2018-05-30T13:32:03","slug":"labep-lanca-o-e-ranking-cidadao","status":"publish","type":"post","link":"https:\/\/blogs.correiobraziliense.com.br\/servidor\/labep-lanca-o-e-ranking-cidadao\/","title":{"rendered":"Labep lan\u00e7a o e-Ranking Cidad\u00e3o"},"content":{"rendered":"<p><em>O Laborat\u00f3rio de Estudos Pol\u00edtico-Sociais (Labep) lan\u00e7a dia 6 de junho, em Bras\u00edlia\/DF, o e-Ranking Cidad\u00e3o. Uma plataforma virtual e interativa que traz um amplo diagn\u00f3stico da atua\u00e7\u00e3o de deputados federais e senadores. A ferramenta contribuir\u00e1 para a defini\u00e7\u00e3o de estrat\u00e9gias e a\u00e7\u00f5es pol\u00edticas, para a tomada de decis\u00f5es e para o trabalho parlamentar de entidades civis, movimentos sociais e sindicatos<\/em><\/p>\n<p>Com o e-Ranking Cidad\u00e3o, o Labep tamb\u00e9m pretende contribuir para ampliar o entendimento sobre as atividades do Congresso Nacional e instrumentalizar a atua\u00e7\u00e3o de diversas organiza\u00e7\u00f5es e entendidas sindicais.\u00a0 O <em>e-Ranking Cidad\u00e3o<\/em> possibilitar\u00e1 ainda o monitoramento da atividade parlamentar e pode auxiliar a sociedade na avalia\u00e7\u00e3o do desempenho de seus representantes no Congresso Nacional, destaca a laborat\u00f3rio.<\/p>\n<p>&#8220;Diante da necessidade de mensura\u00e7\u00e3o da atua\u00e7\u00e3o dos parlamentares federais, o Labep desenvolveu uma plataforma que apresenta de forma clara e transparente uma metodologia que permite aferir a influ\u00eancia dos parlamentares e sua atua\u00e7\u00e3o nos principais temas de interesses da sociedade e dos trabalhadores&#8221;,informa.<\/p>\n<p>Ao acessar o e-Ranking Cidad\u00e3o o usu\u00e1rio poder\u00e1 obter informa\u00e7\u00f5es relativas \u00e0 atua\u00e7\u00e3o dos parlamentares em projetos de lei, medida provis\u00f3ria e outras proposi\u00e7\u00f5es e identificar por meio do sistema o autor e relator da proposta; os interesses do governo e da oposi\u00e7\u00e3o; os principais defensores e opositores da mat\u00e9ria, entre outras informa\u00e7\u00f5es que podem contribuir para o acompanhamento dos temas de interesses de movimentos sociais, entidades, organiza\u00e7\u00f5es e sindicatos. <strong>\u00a0<\/strong><\/p>\n<p><strong>Lan\u00e7amento do e-Ranking Cidad\u00e3o<\/strong><\/p>\n<p>Data: 06\/06\/2018<\/p>\n<p>Local: Teatro do Bras\u00edlia Shopping, Bras\u00edlia\/DF<\/p>\n<p>Hor\u00e1rio: 8h30 &#8211; t\u00e9rmino \u00e0s 12h<\/p>\n","protected":false},"excerpt":{"rendered":"<p>O Laborat\u00f3rio de Estudos Pol\u00edtico-Sociais (Labep) lan\u00e7a dia 6 de junho, em Bras\u00edlia\/DF, o e-Ranking Cidad\u00e3o. Uma plataforma virtual e interativa que traz um amplo diagn\u00f3stico da atua\u00e7\u00e3o de deputados federais e senadores. A ferramenta contribuir\u00e1 para a defini\u00e7\u00e3o de estrat\u00e9gias e a\u00e7\u00f5es pol\u00edticas, para a tomada de decis\u00f5es e para o trabalho parlamentar de entidades civis, movimentos sociais e [&hellip;]<\/p>\n","protected":false},"author":27,"featured_media":0,"comment_status":"open","ping_status":"closed","sticky":false,"template":"","format":"standard","meta":{"footnotes":""},"categories":[2719],"tags":[1193,1035,1864,1298,8908,12516,73,1688,1420,7625,12515,1042,829,3864,39,3801,707,12517],"class_list":["post-9259","post","type-post","status-publish","format-standard","hentry","category-servidor","tag-atuacao","tag-civis","tag-decisoes","tag-deputados","tag-diagnostico","tag-e-ranking-cidadao","tag-entidades","tag-estrategias","tag-ferramenta","tag-interativa","tag-labep","tag-movimentos","tag-parlamentar","tag-plataforma","tag-senadores","tag-sindicatos","tag-sociais","tag-virtural"],"_links":{"self":[{"href":"https:\/\/blogs.correiobraziliense.com.br\/servidor\/wp-json\/wp\/v2\/posts\/9259","targetHints":{"allow":["GET"]}}],"collection":[{"href":"https:\/\/blogs.correiobraziliense.com.br\/servidor\/wp-json\/wp\/v2\/posts"}],"about":[{"href":"https:\/\/blogs.correiobraziliense.com.br\/servidor\/wp-json\/wp\/v2\/types\/post"}],"author":[{"embeddable":true,"href":"https:\/\/blogs.correiobraziliense.com.br\/servidor\/wp-json\/wp\/v2\/users\/27"}],"replies":[{"embeddable":true,"href":"https:\/\/blogs.correiobraziliense.com.br\/servidor\/wp-json\/wp\/v2\/comments?post=9259"}],"version-history":[{"count":1,"href":"https:\/\/blogs.correiobraziliense.com.br\/servidor\/wp-json\/wp\/v2\/posts\/9259\/revisions"}],"predecessor-version":[{"id":9260,"href":"https:\/\/blogs.correiobraziliense.com.br\/servidor\/wp-json\/wp\/v2\/posts\/9259\/revisions\/9260"}],"wp:attachment":[{"href":"https:\/\/blogs.correiobraziliense.com.br\/servidor\/wp-json\/wp\/v2\/media?parent=9259"}],"wp:term":[{"taxonomy":"category","embeddable":true,"href":"https:\/\/blogs.correiobraziliense.com.br\/servidor\/wp-json\/wp\/v2\/categories?post=9259"},{"taxonomy":"post_tag","embeddable":true,"href":"https:\/\/blogs.correiobraziliense.com.br\/servidor\/wp-json\/wp\/v2\/tags?post=9259"}],"curies":[{"name":"wp","href":"https:\/\/api.w.org\/{rel}","templated":true}]}}