{"id":9251,"date":"2018-05-29T17:59:03","date_gmt":"2018-05-29T20:59:03","guid":{"rendered":"https:\/\/blogs.correiobraziliense.com.br\/servidor\/?p=9251"},"modified":"2018-05-29T17:59:03","modified_gmt":"2018-05-29T20:59:03","slug":"cade-autoriza-cooperacao-logistica-entre-distribuidoras-para-normalizar-abastecimento-de-combustiveis","status":"publish","type":"post","link":"https:\/\/blogs.correiobraziliense.com.br\/servidor\/cade-autoriza-cooperacao-logistica-entre-distribuidoras-para-normalizar-abastecimento-de-combustiveis\/","title":{"rendered":"Cade autoriza coopera\u00e7\u00e3o log\u00edstica entre distribuidoras para normalizar abastecimento de combust\u00edveis"},"content":{"rendered":"<p><i>Medidas emergenciais <span id=\"OBJ_PREFIX_DWT3169_com_zimbra_date\" class=\"Object\"><span id=\"OBJ_PREFIX_DWT3174_com_zimbra_date\" class=\"Object\">ter<\/span><\/span>\u00e3o dura\u00e7\u00e3o m\u00e1xima de 15 dias.\u00a0A data de in\u00edcio do protocolo \u00e9 restrita \u00e0s partes. Esse prazo poder\u00e1 ser reduzido caso a situa\u00e7\u00e3o volte \u00e0 normalidade antes do tempo estimado<\/i><\/p>\n<p>Em Sess\u00e3o Plen\u00e1ria Extraordin\u00e1ria, nesta ter\u00e7a-feira (29\/05), o Conselho Administrativo de Defesa Econ\u00f4mica (Cade) homologou despacho do superintendente-geral, Alexandre Cordeiro, que autoriza a celebra\u00e7\u00e3o de \u201cProtocolo de Crise de Abastecimento\u201d apresentado pelas empresas Ra\u00edzen Combust\u00edveis, Petrobras Distribuidora e Ipiranga Produtos de Petr\u00f3leo.<\/p>\n<p>&nbsp;<\/p>\n<p>O documento foi peticionado no \u00f3rg\u00e3o na segunda-feira (28\/05) e prop\u00f5e coopera\u00e7\u00e3o log\u00edstica m\u00fatua entre as distribuidoras para otimizar o armazenamento, transporte e distribui\u00e7\u00e3o de combust\u00edveis. O objetivo \u00e9 regularizar o abastecimento ap\u00f3s o t\u00e9rmino das manifesta\u00e7\u00f5es dos caminhoneiros.<\/p>\n<p>&nbsp;<\/p>\n<p>\u201cTrata-se de medida excepcional e emergencial visando a melhoria do bem-estar social em momento de crise\u201d, destacou Cordeiro.<\/p>\n<p>&nbsp;<\/p>\n<p>O protocolo prev\u00ea que as distribuidoras poder\u00e3o adotar, entre outras, as seguintes medidas:<\/p>\n<p>&nbsp;<\/p>\n<ol>\n<li>a) Criar centros integrados de opera\u00e7\u00e3o log\u00edstica, de acordo com a localiza\u00e7\u00e3o de suas bases de distribui\u00e7\u00e3o e de sua frota, o estoque de produtos combust\u00edveis, os centros consumidores, a demanda de autoridades, de prestadores de servi\u00e7os p\u00fablicos e coletivos e da sociedade em geral;<\/li>\n<\/ol>\n<p>&nbsp;<\/p>\n<ol>\n<li>b) Ordenar a prioridade de abastecimento, considerando que os servi\u00e7os p\u00fablicos essenciais ao bem-estar social, \u00e0 sa\u00fade e \u00e0 seguran\u00e7a da popula\u00e7\u00e3o ter\u00e3o prioridade sobre quaisquer outras demandas de abastecimento;<\/li>\n<\/ol>\n<p>&nbsp;<\/p>\n<ol>\n<li>c) Quando do atendimento da sociedade em geral, ser\u00e3o observados crit\u00e9rios de isonomia, n\u00e3o configurando em nenhuma hip\u00f3tese discrimina\u00e7\u00e3o de adquirentes;<\/li>\n<\/ol>\n<p>&nbsp;<\/p>\n<ol>\n<li>d) Dividir em partes iguais os custos vari\u00e1veis e extraordin\u00e1rios necess\u00e1rios \u00e0 implementa\u00e7\u00e3o do protocolo, que ser\u00e3o integralmente arcados pelas empresas.<\/li>\n<\/ol>\n<p>&nbsp;<\/p>\n<p>As medidas ter\u00e3o dura\u00e7\u00e3o m\u00e1xima de 15 dias. A data de in\u00edcio da implementa\u00e7\u00e3o do protocolo \u00e9 restrita \u00e0s partes. Esse prazo poder\u00e1 ser reduzido caso a situa\u00e7\u00e3o volte \u00e0 normalidade antes do tempo estimado.<\/p>\n<p>&nbsp;<\/p>\n<p>Durante a coopera\u00e7\u00e3o, as empresas dever\u00e3o continuar atuando de forma independente, n\u00e3o sendo permitido o compartilhamento de informa\u00e7\u00f5es sens\u00edveis, somente operacionais. Al\u00e9m disso, as distribuidoras apresentar\u00e3o ao Cade\u00a0todos os documentos utilizados para a fundamenta\u00e7\u00e3o e ado\u00e7\u00e3o das medidas, de forma a permitir a fiscaliza\u00e7\u00e3o do \u00f3rg\u00e3o durante o per\u00edodo.<\/p>\n","protected":false},"excerpt":{"rendered":"<p>Medidas emergenciais ter\u00e3o dura\u00e7\u00e3o m\u00e1xima de 15 dias.\u00a0A data de in\u00edcio do protocolo \u00e9 restrita \u00e0s partes. Esse prazo poder\u00e1 ser reduzido caso a situa\u00e7\u00e3o volte \u00e0 normalidade antes do tempo estimado Em Sess\u00e3o Plen\u00e1ria Extraordin\u00e1ria, nesta ter\u00e7a-feira (29\/05), o Conselho Administrativo de Defesa Econ\u00f4mica (Cade) homologou despacho do superintendente-geral, Alexandre Cordeiro, que autoriza a celebra\u00e7\u00e3o de \u201cProtocolo de Crise [&hellip;]<\/p>\n","protected":false},"author":27,"featured_media":0,"comment_status":"open","ping_status":"closed","sticky":false,"template":"","format":"standard","meta":{"footnotes":""},"categories":[2719],"tags":[6643,12514,121,954,6331,3819,1178,3534,4059,3689,1734,880,12513,1174,7715,2019,3714],"class_list":["post-9251","post","type-post","status-publish","format-standard","hentry","category-servidor","tag-abastecimento","tag-armazenamento","tag-autoriza","tag-cade","tag-caminhoneiros","tag-combustiveis","tag-cooperacao","tag-distribuicao","tag-distribuidoras","tag-logistica","tag-manifestacoes","tag-normalidade","tag-normalizar","tag-prazo","tag-protocolo","tag-tempo","tag-transporte"],"_links":{"self":[{"href":"https:\/\/blogs.correiobraziliense.com.br\/servidor\/wp-json\/wp\/v2\/posts\/9251","targetHints":{"allow":["GET"]}}],"collection":[{"href":"https:\/\/blogs.correiobraziliense.com.br\/servidor\/wp-json\/wp\/v2\/posts"}],"about":[{"href":"https:\/\/blogs.correiobraziliense.com.br\/servidor\/wp-json\/wp\/v2\/types\/post"}],"author":[{"embeddable":true,"href":"https:\/\/blogs.correiobraziliense.com.br\/servidor\/wp-json\/wp\/v2\/users\/27"}],"replies":[{"embeddable":true,"href":"https:\/\/blogs.correiobraziliense.com.br\/servidor\/wp-json\/wp\/v2\/comments?post=9251"}],"version-history":[{"count":1,"href":"https:\/\/blogs.correiobraziliense.com.br\/servidor\/wp-json\/wp\/v2\/posts\/9251\/revisions"}],"predecessor-version":[{"id":9252,"href":"https:\/\/blogs.correiobraziliense.com.br\/servidor\/wp-json\/wp\/v2\/posts\/9251\/revisions\/9252"}],"wp:attachment":[{"href":"https:\/\/blogs.correiobraziliense.com.br\/servidor\/wp-json\/wp\/v2\/media?parent=9251"}],"wp:term":[{"taxonomy":"category","embeddable":true,"href":"https:\/\/blogs.correiobraziliense.com.br\/servidor\/wp-json\/wp\/v2\/categories?post=9251"},{"taxonomy":"post_tag","embeddable":true,"href":"https:\/\/blogs.correiobraziliense.com.br\/servidor\/wp-json\/wp\/v2\/tags?post=9251"}],"curies":[{"name":"wp","href":"https:\/\/api.w.org\/{rel}","templated":true}]}}