{"id":9249,"date":"2018-05-29T16:55:19","date_gmt":"2018-05-29T19:55:19","guid":{"rendered":"https:\/\/blogs.correiobraziliense.com.br\/servidor\/?p=9249"},"modified":"2018-05-29T16:58:18","modified_gmt":"2018-05-29T19:58:18","slug":"servidores-do-gdf-fazem-paralisacao-em-apoio-greve-dos-caminhoneiros-nesta-quarta-30","status":"publish","type":"post","link":"https:\/\/blogs.correiobraziliense.com.br\/servidor\/servidores-do-gdf-fazem-paralisacao-em-apoio-greve-dos-caminhoneiros-nesta-quarta-30\/","title":{"rendered":"Servidores do GDF fazem paralisa\u00e7\u00e3o em apoio \u00e0 greve dos caminhoneiros nesta quarta (30)"},"content":{"rendered":"<p><em>Trabalhadores da assist\u00eancia social param parcialmente o atendimento com mobiliza\u00e7\u00e3o no MPDFT. Para o presidente do Sindicato dos Servidores da Assist\u00eancia Social e Cultural do GDF (Sindsasc), Clayton Avelar, o momento \u00e9 de uni\u00e3o \u00e0s categorias que est\u00e3o em greve. \u00a0&#8220;Todo o nosso apoio \u00e0s categorias que est\u00e3o em luta. Apoiamos os caminhoneiros em suas reivindica\u00e7\u00f5es e tamb\u00e9m os petroleiros em sua paralisa\u00e7\u00e3o de 72 horas&#8221;, afirma.<\/em><\/p>\n<p dir=\"ltr\">Os servidores da assist\u00eancia social do Governo do Distrito Federal (GDF) fazem nesta quarta-feira (30) uma paralisa\u00e7\u00e3o parcial em suas atividades. A partir das 13 horas, os trabalhadores v\u00e3o se mobilizar de frente ao Minist\u00e9rio P\u00fablico do Distrito Federal e Territ\u00f3rios (MPDFT) em apoio \u00e0 greve dos caminhoneiros e dos petroleiros contra os altos pre\u00e7os dos combust\u00edveis e do g\u00e1s de cozinha.<\/p>\n<p dir=\"ltr\">Para o presidente do Sindicato dos Servidores da Assist\u00eancia Social e Cultural do GDF (Sindsasc), Clayton Avelar, o momento \u00e9 de uni\u00e3o \u00e0s categorias que est\u00e3o em greve. \u00a0&#8220;Todo o nosso apoio \u00e0s categorias que est\u00e3o em luta. Apoiamos os caminhoneiros em suas reivindica\u00e7\u00f5es e tamb\u00e9m os petroleiros em sua paralisa\u00e7\u00e3o de 72 horas&#8221;, afirma.<\/p>\n<p dir=\"ltr\">Paralelamente \u00e0 paralisa\u00e7\u00e3o, a diretoria do Sindsasc se re\u00fane, na sede do MPDFT, com a procuradora distrital dos Direitos do Cidad\u00e3o, Maria Rosynete de Oliveira Lima, o subsecret\u00e1rio de Rela\u00e7\u00f5es do Trabalho e do Terceiro Setor do GDF, M\u00e1rcio Gimenes e a titular da Secretaria de Estado do Trabalho, Desenvolvimento Social, Mulheres, Igualdade Racial e Direitos Humanos (Sedestmidh), Ilda Peliz. A reuni\u00e3o de concilia\u00e7\u00e3o entre a categoria e o GDF coloca em pauta o pagamento do reajuste concedido \u00e0 categoria em 2015, em atraso h\u00e1 30 meses. A reivindica\u00e7\u00e3o motivou a greve movida pela classe, encerrada na \u00faltima quinta-feira (24) ap\u00f3s 84 dias de paralisa\u00e7\u00e3o.<\/p>\n<p dir=\"ltr\">A reuni\u00e3o de concilia\u00e7\u00e3o tem o objetivo de haja acordo entre GDF e trabalhadores, com o empenho do MPDFT. Caso n\u00e3o ocorra um di\u00e1logo de atendimento da pauta financeira, uma nova greve pode ser articulada pelo sindicato. De acordo com o presidente do Sindsasc, Clayton Avelar, a iniciativa para a reuni\u00e3o de concilia\u00e7\u00e3o partiu da procuradora durante a greve dos servidores. \u201cDa parte dos trabalhadores, a concilia\u00e7\u00e3o s\u00f3 vai ocorrer se houver uma proposta para o pagamento de nossa terceira parcela do reajuste salarial, que deveria ter sa\u00eddo em novembro de 2015\u201d, afirma o l\u00edder sindical.<\/p>\n<p dir=\"ltr\"><strong>Luta por direitos<\/strong><\/p>\n<p dir=\"ltr\">De 2 de mar\u00e7o a 24 de maio, os servidores pararam suas atividades, ficando somente com o contingente m\u00ednimo de trabalhadores exigido por lei nas unidades de atendimento ininterrupto. O movimento de paralisa\u00e7\u00e3o foi o maior j\u00e1 realizado por servidores do GDF. A greve foi motivada, principalmente, pela reivindica\u00e7\u00e3o do acerto retroativo do aumento e pela realiza\u00e7\u00e3o de concurso p\u00fablico para suprir o desfalque de 2.600 trabalhadores da carreira. De acordo com o presidente do Sindsasc, Clayton Avelar, a pauta financeira foi totalmente negligenciada pelo governador Rodrigo Rollemberg. \u201cO governador nos apresentou o falso argumento de que n\u00e3o h\u00e1 disponibilidade de verba para o pagamento do nosso reajuste. Isso \u00e9 uma mentira! Sabemos que o GDF possui recursos suficientes para isso. N\u00e3o houve a m\u00ednima vontade pol\u00edtica e vamos continuar a exigir nosso direito ao reajuste estabelecido por lei\u201d, pontua.<\/p>\n<p>&nbsp;<\/p>\n","protected":false},"excerpt":{"rendered":"<p>Trabalhadores da assist\u00eancia social param parcialmente o atendimento com mobiliza\u00e7\u00e3o no MPDFT. Para o presidente do Sindicato dos Servidores da Assist\u00eancia Social e Cultural do GDF (Sindsasc), Clayton Avelar, o momento \u00e9 de uni\u00e3o \u00e0s categorias que est\u00e3o em greve. \u00a0&#8220;Todo o nosso apoio \u00e0s categorias que est\u00e3o em luta. Apoiamos os caminhoneiros em suas reivindica\u00e7\u00f5es e tamb\u00e9m os petroleiros [&hellip;]<\/p>\n","protected":false},"author":27,"featured_media":0,"comment_status":"open","ping_status":"closed","sticky":false,"template":"","format":"standard","meta":{"footnotes":""},"categories":[2719],"tags":[792,2108,463,6331,12512,1133,1807,2692,15,1720,506,17,6244,689,58],"class_list":["post-9249","post","type-post","status-publish","format-standard","hentry","category-servidor","tag-apoio","tag-assistencia-social","tag-atividades","tag-caminhoneiros","tag-clase","tag-dialogo","tag-financeira","tag-gdf","tag-greve","tag-mpdft","tag-paralisacao","tag-pauta","tag-petroleiros","tag-reivindicacoes","tag-servidores"],"_links":{"self":[{"href":"https:\/\/blogs.correiobraziliense.com.br\/servidor\/wp-json\/wp\/v2\/posts\/9249","targetHints":{"allow":["GET"]}}],"collection":[{"href":"https:\/\/blogs.correiobraziliense.com.br\/servidor\/wp-json\/wp\/v2\/posts"}],"about":[{"href":"https:\/\/blogs.correiobraziliense.com.br\/servidor\/wp-json\/wp\/v2\/types\/post"}],"author":[{"embeddable":true,"href":"https:\/\/blogs.correiobraziliense.com.br\/servidor\/wp-json\/wp\/v2\/users\/27"}],"replies":[{"embeddable":true,"href":"https:\/\/blogs.correiobraziliense.com.br\/servidor\/wp-json\/wp\/v2\/comments?post=9249"}],"version-history":[{"count":1,"href":"https:\/\/blogs.correiobraziliense.com.br\/servidor\/wp-json\/wp\/v2\/posts\/9249\/revisions"}],"predecessor-version":[{"id":9250,"href":"https:\/\/blogs.correiobraziliense.com.br\/servidor\/wp-json\/wp\/v2\/posts\/9249\/revisions\/9250"}],"wp:attachment":[{"href":"https:\/\/blogs.correiobraziliense.com.br\/servidor\/wp-json\/wp\/v2\/media?parent=9249"}],"wp:term":[{"taxonomy":"category","embeddable":true,"href":"https:\/\/blogs.correiobraziliense.com.br\/servidor\/wp-json\/wp\/v2\/categories?post=9249"},{"taxonomy":"post_tag","embeddable":true,"href":"https:\/\/blogs.correiobraziliense.com.br\/servidor\/wp-json\/wp\/v2\/tags?post=9249"}],"curies":[{"name":"wp","href":"https:\/\/api.w.org\/{rel}","templated":true}]}}