{"id":9237,"date":"2018-05-28T19:29:45","date_gmt":"2018-05-28T22:29:45","guid":{"rendered":"https:\/\/blogs.correiobraziliense.com.br\/servidor\/?p=9237"},"modified":"2018-05-28T19:29:45","modified_gmt":"2018-05-28T22:29:45","slug":"gdf-funcionamento-dos-orgaos-publicos","status":"publish","type":"post","link":"https:\/\/blogs.correiobraziliense.com.br\/servidor\/gdf-funcionamento-dos-orgaos-publicos\/","title":{"rendered":"GDF &#8211; Funcionamento dos \u00f3rg\u00e3os p\u00fablicos"},"content":{"rendered":"<p><em>Depois de nova reuni\u00e3o com o comit\u00ea de crise do Governo de Bras\u00edlia, que re\u00fane secretarias e \u00f3rg\u00e3os vinculados, o governador Rodrigo Rollemberg adotou as seguintes medidas:<\/em><\/p>\n<p>&#8220;1. Retorno \u00e0s aulas nas escolas da rede de ensino p\u00fablico do Distrito Federal.<\/p>\n<p>2. \u00a0Reabertura das unidades b\u00e1sicas de sa\u00fade, de consulta ambulatorial e policl\u00ednica e das farm\u00e1cias, inclusive as de Alto Custo. Que o Instituto do Hospital de Base volte a realizar as cirurgias eletivas. Nas demais unidades, elas continuar\u00e3o suspensas, assim como vedado o transporte de pacientes para exames. A utiliza\u00e7\u00e3o das ambul\u00e2ncias do SAMU seguir\u00e1 crit\u00e9rios de emerg\u00eancia e de urg\u00eancia.<\/p>\n<p>3. Garantia do funcionamento do sistema de transporte coletivo p\u00fablico, com a manuten\u00e7\u00e3o do aumento de uma hora no pico do atendimento do metr\u00f4, de manh\u00e3 e \u00e0 tarde. As empresas disp\u00f5em de combust\u00edvel at\u00e9 quarta-feira, 30.<\/p>\n<p>4. Prosseguimento das opera\u00e7\u00f5es de escolta da Pol\u00edcia Militar do Distrito Federal, com o apoio do Ex\u00e9rcito e da For\u00e7a de Nacional de Seguran\u00e7a P\u00fablica (FNSP), que garantiram nos \u00faltimos quatro dias cerca de 10 milh\u00f5es de litros de combust\u00edvel, de g\u00e1s de cozinha e de outros produtos. Foram realizadas aproximadamente 550 escoltas neste per\u00edodo.<\/p>\n<p>5. Que as secretarias de Desenvolvimento Econ\u00f4mico e de Agricultura continuem agindo no sentido de apoiar o setor produtivo com o objetivo de normalizar o abastecimento de alimentos.<\/p>\n<p>6. Continuidade das opera\u00e7\u00f5es de escolta, com o Ex\u00e9rcito e a FNSP, de caminh\u00f5es-tanque de querosene de avia\u00e7\u00e3o que permitiram a eleva\u00e7\u00e3o do estoque de 5% para 55% do aeroporto Juscelino Kubistchek.<\/p>\n<p>7. Determinou a prioridade para a escolta de caminh\u00f5es que carregam g\u00e1s de cozinha, al\u00e9m das 141 j\u00e1 realizadas desde o come\u00e7o da crise de abastecimento.<\/p>\n<p>&nbsp;<\/p>\n<p>Bras\u00edlia, 28 de maio de 2018<\/p>\n<p>Governo de Bras\u00edlia&#8221;<\/p>\n","protected":false},"excerpt":{"rendered":"<p>Depois de nova reuni\u00e3o com o comit\u00ea de crise do Governo de Bras\u00edlia, que re\u00fane secretarias e \u00f3rg\u00e3os vinculados, o governador Rodrigo Rollemberg adotou as seguintes medidas: &#8220;1. Retorno \u00e0s aulas nas escolas da rede de ensino p\u00fablico do Distrito Federal. 2. \u00a0Reabertura das unidades b\u00e1sicas de sa\u00fade, de consulta ambulatorial e policl\u00ednica e das farm\u00e1cias, inclusive as de Alto [&hellip;]<\/p>\n","protected":false},"author":27,"featured_media":0,"comment_status":"open","ping_status":"closed","sticky":false,"template":"","format":"standard","meta":{"footnotes":""},"categories":[2719],"tags":[6643,4537,1585,4024,1631,366,4160,7109,12503,2692,12501,616,12502,3714],"class_list":["post-9237","post","type-post","status-publish","format-standard","hentry","category-servidor","tag-abastecimento","tag-alimentos","tag-aulas","tag-combustivel","tag-comite","tag-crise","tag-escolas","tag-escolta","tag-gas-de-cozinha","tag-gdf","tag-ograos-publicos","tag-saude","tag-secretarias","tag-transporte"],"_links":{"self":[{"href":"https:\/\/blogs.correiobraziliense.com.br\/servidor\/wp-json\/wp\/v2\/posts\/9237","targetHints":{"allow":["GET"]}}],"collection":[{"href":"https:\/\/blogs.correiobraziliense.com.br\/servidor\/wp-json\/wp\/v2\/posts"}],"about":[{"href":"https:\/\/blogs.correiobraziliense.com.br\/servidor\/wp-json\/wp\/v2\/types\/post"}],"author":[{"embeddable":true,"href":"https:\/\/blogs.correiobraziliense.com.br\/servidor\/wp-json\/wp\/v2\/users\/27"}],"replies":[{"embeddable":true,"href":"https:\/\/blogs.correiobraziliense.com.br\/servidor\/wp-json\/wp\/v2\/comments?post=9237"}],"version-history":[{"count":1,"href":"https:\/\/blogs.correiobraziliense.com.br\/servidor\/wp-json\/wp\/v2\/posts\/9237\/revisions"}],"predecessor-version":[{"id":9238,"href":"https:\/\/blogs.correiobraziliense.com.br\/servidor\/wp-json\/wp\/v2\/posts\/9237\/revisions\/9238"}],"wp:attachment":[{"href":"https:\/\/blogs.correiobraziliense.com.br\/servidor\/wp-json\/wp\/v2\/media?parent=9237"}],"wp:term":[{"taxonomy":"category","embeddable":true,"href":"https:\/\/blogs.correiobraziliense.com.br\/servidor\/wp-json\/wp\/v2\/categories?post=9237"},{"taxonomy":"post_tag","embeddable":true,"href":"https:\/\/blogs.correiobraziliense.com.br\/servidor\/wp-json\/wp\/v2\/tags?post=9237"}],"curies":[{"name":"wp","href":"https:\/\/api.w.org\/{rel}","templated":true}]}}