{"id":9234,"date":"2018-05-28T19:25:41","date_gmt":"2018-05-28T22:25:41","guid":{"rendered":"https:\/\/blogs.correiobraziliense.com.br\/servidor\/?p=9234"},"modified":"2018-05-28T19:25:41","modified_gmt":"2018-05-28T22:25:41","slug":"organizador-de-tomataco-contra-ministro-e-denunciado-pelo-mp","status":"publish","type":"post","link":"https:\/\/blogs.correiobraziliense.com.br\/servidor\/organizador-de-tomataco-contra-ministro-e-denunciado-pelo-mp\/","title":{"rendered":"Organizador de tomata\u00e7o contra ministro \u00e9 denunciado pelo MP"},"content":{"rendered":"<p><em>Ricardo Rocchi, organizador do &#8220;tomata\u00e7o&#8221; contra o ministro do Supremo Tribunal Federal (STF), Gilmar Mendes, foi denunciado pelo Minist\u00e9rio P\u00fablico por viola\u00e7\u00e3o ao direito \u00e0 honra e \u00e0 imagem<\/em><\/p>\n<p>Para o procurador da Rep\u00fablica Marcos Angelo Grimone, o manifestante abusou do direito de liberdade de express\u00e3o com o \u201ctomata\u00e7o\u201d. Segundo o procurador, o manifestante tamb\u00e9m incentivou terceiros, mediante recompensa, a cometerem inj\u00faria contra o ministro e demais autoridades.<\/p>\n<p>Um dos protestos ocorreu em frente ao Instituto de Direito P\u00fablico (IDP), em S\u00e3o Paulo.<\/p>\n<p>Um grupo jogou tomates nos carros que levavam autoridades para um evento p\u00fablico. Em agosto do ano passado, Rocchi foi detido com uma sacola de tomates antes de us\u00e1-los, em um evento sobre reforma pol\u00edtica em que Gilmar Mendes tamb\u00e9m participou. Na ocasi\u00e3o, ele se disse representante de um movimento chamado &#8220;tomata\u00e7o&#8221;. Rocchi usou as fotos nas redes sociais, como Facebook, mostrando tomates que atirou contra as paredes do IDP.<\/p>\n<p>O\u00a0procurador afirmou, na den\u00fancia, que a incita\u00e7\u00e3o ao \u00f3dio p\u00fabico contra qualquer pessoa n\u00e3o est\u00e1 protegida pela liberdade de express\u00e3o, prevista na Constitui\u00e7\u00e3o Federal. E, por isso, pediu a condena\u00e7\u00e3o de Rocchi por viola\u00e7\u00e3o aos artigos 140, 141 e 286, do C\u00f3digo Penal.Veja a den\u00fancia em anexo.<\/p>\n","protected":false},"excerpt":{"rendered":"<p>Ricardo Rocchi, organizador do &#8220;tomata\u00e7o&#8221; contra o ministro do Supremo Tribunal Federal (STF), Gilmar Mendes, foi denunciado pelo Minist\u00e9rio P\u00fablico por viola\u00e7\u00e3o ao direito \u00e0 honra e \u00e0 imagem Para o procurador da Rep\u00fablica Marcos Angelo Grimone, o manifestante abusou do direito de liberdade de express\u00e3o com o \u201ctomata\u00e7o\u201d. Segundo o procurador, o manifestante tamb\u00e9m incentivou terceiros, mediante recompensa, a [&hellip;]<\/p>\n","protected":false},"author":27,"featured_media":0,"comment_status":"open","ping_status":"closed","sticky":false,"template":"","format":"standard","meta":{"footnotes":""},"categories":[2719],"tags":[3455,3398,3144,417,35,853,12499,34,12500,7385],"class_list":["post-9234","post","type-post","status-publish","format-standard","hentry","category-servidor","tag-gilmar-mendes","tag-honra","tag-imagem","tag-ministerio-publico","tag-ministro","tag-mp","tag-organizador","tag-stf","tag-tomataco","tag-violacao"],"_links":{"self":[{"href":"https:\/\/blogs.correiobraziliense.com.br\/servidor\/wp-json\/wp\/v2\/posts\/9234","targetHints":{"allow":["GET"]}}],"collection":[{"href":"https:\/\/blogs.correiobraziliense.com.br\/servidor\/wp-json\/wp\/v2\/posts"}],"about":[{"href":"https:\/\/blogs.correiobraziliense.com.br\/servidor\/wp-json\/wp\/v2\/types\/post"}],"author":[{"embeddable":true,"href":"https:\/\/blogs.correiobraziliense.com.br\/servidor\/wp-json\/wp\/v2\/users\/27"}],"replies":[{"embeddable":true,"href":"https:\/\/blogs.correiobraziliense.com.br\/servidor\/wp-json\/wp\/v2\/comments?post=9234"}],"version-history":[{"count":1,"href":"https:\/\/blogs.correiobraziliense.com.br\/servidor\/wp-json\/wp\/v2\/posts\/9234\/revisions"}],"predecessor-version":[{"id":9236,"href":"https:\/\/blogs.correiobraziliense.com.br\/servidor\/wp-json\/wp\/v2\/posts\/9234\/revisions\/9236"}],"wp:attachment":[{"href":"https:\/\/blogs.correiobraziliense.com.br\/servidor\/wp-json\/wp\/v2\/media?parent=9234"}],"wp:term":[{"taxonomy":"category","embeddable":true,"href":"https:\/\/blogs.correiobraziliense.com.br\/servidor\/wp-json\/wp\/v2\/categories?post=9234"},{"taxonomy":"post_tag","embeddable":true,"href":"https:\/\/blogs.correiobraziliense.com.br\/servidor\/wp-json\/wp\/v2\/tags?post=9234"}],"curies":[{"name":"wp","href":"https:\/\/api.w.org\/{rel}","templated":true}]}}