{"id":9220,"date":"2018-05-25T21:06:04","date_gmt":"2018-05-26T00:06:04","guid":{"rendered":"https:\/\/blogs.correiobraziliense.com.br\/servidor\/?p=9220"},"modified":"2018-05-25T21:06:04","modified_gmt":"2018-05-26T00:06:04","slug":"anistia-internacional-convocacao-e-autorizacao-nacional-para-uso-das-forcas-armadas-nos-protestos-e-inadmissivel","status":"publish","type":"post","link":"https:\/\/blogs.correiobraziliense.com.br\/servidor\/anistia-internacional-convocacao-e-autorizacao-nacional-para-uso-das-forcas-armadas-nos-protestos-e-inadmissivel\/","title":{"rendered":"Anistia Internacional &#8211; &#8220;Convoca\u00e7\u00e3o e autoriza\u00e7\u00e3o nacional para uso das for\u00e7as armadas nos protestos \u00e9 inadmiss\u00edvel&#8221;"},"content":{"rendered":"<p><em>A convoca\u00e7\u00e3o e autoriza\u00e7\u00e3o do uso das For\u00e7as Armadas, em todo o territ\u00f3rio nacional, para desocupar as rodovias obstru\u00eddas por caminhoneiros em greve \u00e9 extremamente preocupante, informou a Anistia Internacional<\/em><\/p>\n<p>\u201cO papel das For\u00e7as Armadas n\u00e3o \u00e9 atuar em protestos, manifesta\u00e7\u00f5es e greves. A liberdade de express\u00e3o e manifesta\u00e7\u00e3o s\u00e3o um direito humano. As partes envolvidas em uma manifesta\u00e7\u00e3o e as autoridades relevantes devem encontrar um caminho de negocia\u00e7\u00e3o e uma sa\u00edda pac\u00edfica para os eventuais impasses encontrados. Enviar as For\u00e7as Armadas \u00e9 grave erro e pode levar a uma escalda da viol\u00eancia. Al\u00e9m disso, o precedente de convoca\u00e7\u00e3o e autoriza\u00e7\u00e3o para que as For\u00e7as Armadas atuem nacionalmente \u00e9 mais um passo inadmiss\u00edvel no caminho da militariza\u00e7\u00e3o da gest\u00e3o das pol\u00edticas p\u00fablicas,\u201d afirma Jurema Werneck.<\/p>\n<p>A Anistia Internacional reivindica que o governo federal recue na sua decis\u00e3o e que os governos estaduais n\u00e3o lancem m\u00e3o das For\u00e7as Armadas para atuar em protestos e manifesta\u00e7\u00f5es.<\/p>\n","protected":false},"excerpt":{"rendered":"<p>A convoca\u00e7\u00e3o e autoriza\u00e7\u00e3o do uso das For\u00e7as Armadas, em todo o territ\u00f3rio nacional, para desocupar as rodovias obstru\u00eddas por caminhoneiros em greve \u00e9 extremamente preocupante, informou a Anistia Internacional \u201cO papel das For\u00e7as Armadas n\u00e3o \u00e9 atuar em protestos, manifesta\u00e7\u00f5es e greves. A liberdade de express\u00e3o e manifesta\u00e7\u00e3o s\u00e3o um direito humano. As partes envolvidas em uma manifesta\u00e7\u00e3o e [&hellip;]<\/p>\n","protected":false},"author":27,"featured_media":0,"comment_status":"open","ping_status":"closed","sticky":false,"template":"","format":"standard","meta":{"footnotes":""},"categories":[2719],"tags":[12484,3188,6331,704,3096,70,555],"class_list":["post-9220","post","type-post","status-publish","format-standard","hentry","category-servidor","tag-anistia-internacional","tag-autorizacao","tag-caminhoneiros","tag-convocacao","tag-forcas-armadas","tag-nacional","tag-protestos"],"_links":{"self":[{"href":"https:\/\/blogs.correiobraziliense.com.br\/servidor\/wp-json\/wp\/v2\/posts\/9220","targetHints":{"allow":["GET"]}}],"collection":[{"href":"https:\/\/blogs.correiobraziliense.com.br\/servidor\/wp-json\/wp\/v2\/posts"}],"about":[{"href":"https:\/\/blogs.correiobraziliense.com.br\/servidor\/wp-json\/wp\/v2\/types\/post"}],"author":[{"embeddable":true,"href":"https:\/\/blogs.correiobraziliense.com.br\/servidor\/wp-json\/wp\/v2\/users\/27"}],"replies":[{"embeddable":true,"href":"https:\/\/blogs.correiobraziliense.com.br\/servidor\/wp-json\/wp\/v2\/comments?post=9220"}],"version-history":[{"count":1,"href":"https:\/\/blogs.correiobraziliense.com.br\/servidor\/wp-json\/wp\/v2\/posts\/9220\/revisions"}],"predecessor-version":[{"id":9221,"href":"https:\/\/blogs.correiobraziliense.com.br\/servidor\/wp-json\/wp\/v2\/posts\/9220\/revisions\/9221"}],"wp:attachment":[{"href":"https:\/\/blogs.correiobraziliense.com.br\/servidor\/wp-json\/wp\/v2\/media?parent=9220"}],"wp:term":[{"taxonomy":"category","embeddable":true,"href":"https:\/\/blogs.correiobraziliense.com.br\/servidor\/wp-json\/wp\/v2\/categories?post=9220"},{"taxonomy":"post_tag","embeddable":true,"href":"https:\/\/blogs.correiobraziliense.com.br\/servidor\/wp-json\/wp\/v2\/tags?post=9220"}],"curies":[{"name":"wp","href":"https:\/\/api.w.org\/{rel}","templated":true}]}}