{"id":9213,"date":"2018-05-24T22:15:31","date_gmt":"2018-05-25T01:15:31","guid":{"rendered":"https:\/\/blogs.correiobraziliense.com.br\/servidor\/?p=9213"},"modified":"2018-05-24T22:15:31","modified_gmt":"2018-05-25T01:15:31","slug":"greve-mais-extensa-ja-realizada-por-servidores-do-gdf-chega-ao-fim","status":"publish","type":"post","link":"https:\/\/blogs.correiobraziliense.com.br\/servidor\/greve-mais-extensa-ja-realizada-por-servidores-do-gdf-chega-ao-fim\/","title":{"rendered":"Greve mais extensa j\u00e1 realizada por servidores do GDF chega ao fim"},"content":{"rendered":"<p>Trabalhadores da assist\u00eancia social tomaram decis\u00e3o ap\u00f3s an\u00fancio de ordem sobre corte de ponto. O retorno dos trabalhadores a seus postos ser\u00e1 feito quando a ordem for publicada no Di\u00e1rio da Justi\u00e7a do Tribunal de Justi\u00e7a do Distrito Federal e Territ\u00f3rios, o que deve ocorrer nesta sexta-feira (25), de acordo com o Sindsasc<\/p>\n<p dir=\"ltr\">Em assembleia, nesta quinta-feira (24), os servidores da assist\u00eancia social do DF decidiram pelo fim da greve, iniciada h\u00e1 83 dias. A decis\u00e3o foi motivada pelo an\u00fancio de ordem judicial que determina o corte no ponto dos trabalhadores que continuassem com a paralisa\u00e7\u00e3o. Segundo levantamento do Departamento Intersindical de Estat\u00edstica e Estudos Socioecon\u00f4micos (Dieese), a greve, iniciada em 2 de mar\u00e7o, sob o comando do Sindicato dos Servidores da Assist\u00eancia Social (Sindsasc), \u00e9 a mais extensa j\u00e1 realizada integralmente por servidores do Governo do Distrito Federal (GDF). O retorno dos trabalhadores a seus postos ser\u00e1 feito quando a ordem for publicada no Di\u00e1rio da Justi\u00e7a do Tribunal de Justi\u00e7a do Distrito Federal e Territ\u00f3rios, o que deve ocorrer nesta sexta-feira (25), de acordo com o Sindsasc.<\/p>\n<p dir=\"ltr\">A greve foi motivada, principalmente, pela reivindica\u00e7\u00e3o do acerto retroativo do aumento salarial previsto em lei desde 2015, em atraso h\u00e1 29 meses e pela realiza\u00e7\u00e3o de concurso p\u00fablico para suprir o desfalque de 2.600 trabalhadores da carreira. De acordo com o presidente do Sindsasc, Clayton Avelar, a pauta financeira foi totalmente negligenciada pelo governador Rodrigo Rollemberg. \u201cO governador nos apresentou o falso argumento de que n\u00e3o h\u00e1 disponibilidade de verba para o pagamento do nosso reajuste. Isso \u00e9 uma mentira! Sabemos que o \u00a0GDF possui recursos suficientes para isso. N\u00e3o houve a m\u00ednima vontade pol\u00edtica e vamos continuar a exigir nosso direito ao reajuste estabelecido por lei\u201d, pontua.<\/p>\n<p dir=\"ltr\"><strong>Balan\u00e7o<\/strong><\/p>\n<p dir=\"ltr\">Desde o in\u00edcio da paralisa\u00e7\u00e3o, o GDF recebeu a categoria para reuni\u00f5es oficiais tr\u00eas vezes, sendo uma delas, em 12 abril, com a presen\u00e7a \u00a0do governador. A \u00fanica pauta com a qual o Executivo sinalizou positivamente foi a da realiza\u00e7\u00e3o do concurso p\u00fablico para a categoria. A Secretaria de Estado do Trabalho, Desenvolvimento Social, Mulheres, Igualdade Racial e Direitos Humanos (Sedestmidh) anunciou que vai lan\u00e7ar edital para o certame de 314 vagas at\u00e9 20 de julho.<\/p>\n<p dir=\"ltr\">O movimento grevista apontou tamb\u00e9m reivindica\u00e7\u00f5es como o pagamento de benef\u00edcios como vale-alimenta\u00e7\u00e3o e licen\u00e7as-pr\u00eamio; a melhoria das condi\u00e7\u00f5es de trabalho para os servidores das Unidades de Acolhimento; a implanta\u00e7\u00e3o de ajustes no Setor de Cadastro (Secat); a disponibiliza\u00e7\u00e3o da quantidade necess\u00e1ria de material de trabalho nos Centros de Conviv\u00eancia; a viabiliza\u00e7\u00e3o de transporte para os servidores; e a designa\u00e7\u00e3o correta para o trabalho nos CREAS, que t\u00eam assumido a destina\u00e7\u00e3o de demandas dos Centros Pop. At\u00e9 o fim da greve, nenhuma destas quest\u00f5es trabalhistas foi atendida pelo GDF, de acordo com o sindicato.<\/p>\n<p dir=\"ltr\">Devido \u00e0 postura de neglig\u00eancia do governo, a greve se estendeu por quase tr\u00eas meses e a estimativa do Sindsasc \u00e9 de que um total de 100 mil fam\u00edlias ficaram sem atendimento da assist\u00eancia social no DF. A atua\u00e7\u00e3o dos servidores da classe \u00e9 destinada aos benefici\u00e1rios de programas sociais, mulheres v\u00edtimas de viol\u00eancia e em situa\u00e7\u00e3o de perigo, pessoas em situa\u00e7\u00e3o de rua e desabrigados, crian\u00e7as sem guarda ou que est\u00e3o sob a tutela do Estado, idosos, pessoas com defici\u00eancia mental e v\u00edtimas de tr\u00e1fico de pessoas.<\/p>\n<p dir=\"ltr\"><strong>Apoios<br \/>\n<\/strong><\/p>\n<p dir=\"ltr\">Desde o in\u00edcio da greve, os servidores conseguiram importantes apoios ao movimento. O Conselho de Assist\u00eancia Social do Distrito Federal (CAS-DF), entidade vinculada ao GDF, emitiu Mo\u00e7\u00e3o de Apoio que reconheceu a inger\u00eancia do governo em rela\u00e7\u00e3o ao trabalho da assist\u00eancia social p\u00fablica no DF. Outra entidade que manifestou respaldo ao movimento foi o Conselho Regional de Servi\u00e7o Social do DF (CRESS-DF). Al\u00e9m dos apoios institucionais, usu\u00e1rios do servi\u00e7o e deputados distritais apoiaram a a\u00e7\u00e3o colegiada.<\/p>\n<p>&nbsp;<\/p>\n","protected":false},"excerpt":{"rendered":"<p>Trabalhadores da assist\u00eancia social tomaram decis\u00e3o ap\u00f3s an\u00fancio de ordem sobre corte de ponto. O retorno dos trabalhadores a seus postos ser\u00e1 feito quando a ordem for publicada no Di\u00e1rio da Justi\u00e7a do Tribunal de Justi\u00e7a do Distrito Federal e Territ\u00f3rios, o que deve ocorrer nesta sexta-feira (25), de acordo com o Sindsasc Em assembleia, nesta quinta-feira (24), os servidores [&hellip;]<\/p>\n","protected":false},"author":27,"featured_media":0,"comment_status":"open","ping_status":"closed","sticky":false,"template":"","format":"standard","meta":{"footnotes":""},"categories":[2719],"tags":[518,2108,75,188,93,258,9236,2026,12479,105,2692,15,3279,316,22,16,3796,58,11776,19,259],"class_list":["post-9213","post","type-post","status-publish","format-standard","hentry","category-servidor","tag-assembleia","tag-assistencia-social","tag-aumento","tag-carreira","tag-concurso","tag-corte","tag-diario-oficial","tag-dieese","tag-extensa","tag-fim","tag-gdf","tag-greve","tag-ponto","tag-recursos","tag-reivindicacao","tag-retorno","tag-retroativo","tag-servidores","tag-sindsasc","tag-trabalhadores","tag-verba"],"_links":{"self":[{"href":"https:\/\/blogs.correiobraziliense.com.br\/servidor\/wp-json\/wp\/v2\/posts\/9213","targetHints":{"allow":["GET"]}}],"collection":[{"href":"https:\/\/blogs.correiobraziliense.com.br\/servidor\/wp-json\/wp\/v2\/posts"}],"about":[{"href":"https:\/\/blogs.correiobraziliense.com.br\/servidor\/wp-json\/wp\/v2\/types\/post"}],"author":[{"embeddable":true,"href":"https:\/\/blogs.correiobraziliense.com.br\/servidor\/wp-json\/wp\/v2\/users\/27"}],"replies":[{"embeddable":true,"href":"https:\/\/blogs.correiobraziliense.com.br\/servidor\/wp-json\/wp\/v2\/comments?post=9213"}],"version-history":[{"count":1,"href":"https:\/\/blogs.correiobraziliense.com.br\/servidor\/wp-json\/wp\/v2\/posts\/9213\/revisions"}],"predecessor-version":[{"id":9214,"href":"https:\/\/blogs.correiobraziliense.com.br\/servidor\/wp-json\/wp\/v2\/posts\/9213\/revisions\/9214"}],"wp:attachment":[{"href":"https:\/\/blogs.correiobraziliense.com.br\/servidor\/wp-json\/wp\/v2\/media?parent=9213"}],"wp:term":[{"taxonomy":"category","embeddable":true,"href":"https:\/\/blogs.correiobraziliense.com.br\/servidor\/wp-json\/wp\/v2\/categories?post=9213"},{"taxonomy":"post_tag","embeddable":true,"href":"https:\/\/blogs.correiobraziliense.com.br\/servidor\/wp-json\/wp\/v2\/tags?post=9213"}],"curies":[{"name":"wp","href":"https:\/\/api.w.org\/{rel}","templated":true}]}}