{"id":9183,"date":"2018-05-20T21:28:57","date_gmt":"2018-05-21T00:28:57","guid":{"rendered":"https:\/\/blogs.correiobraziliense.com.br\/servidor\/?p=9183"},"modified":"2018-05-20T21:28:57","modified_gmt":"2018-05-21T00:28:57","slug":"so-uma-carreira-de-estado-pode-assegurar-profissionalizacao-do-inss","status":"publish","type":"post","link":"https:\/\/blogs.correiobraziliense.com.br\/servidor\/so-uma-carreira-de-estado-pode-assegurar-profissionalizacao-do-inss\/","title":{"rendered":"S\u00f3 uma carreira de Estado pode assegurar profissionaliza\u00e7\u00e3o do INSS"},"content":{"rendered":"<p><em>O presidente da Confedera\u00e7\u00e3o Nacional dos Trabalhadores em Seguridade Social (CNTSS), para impedir novos esc\u00e2ndalos, como o que recentemente derrubou o presidente do INSS, defende a cria\u00e7\u00e3o de uma carreira de Estado dentro do \u00f3rg\u00e3o, com sal\u00e1rios e estruturas id\u00eanticas \u00e0 Receita Federal e \u00e0 AGU. &#8220;H\u00e1 uma necessidade premente do Instituto de fixar seus servidores que j\u00e1 s\u00e3o altamente capacitados. Para isso, o governo tem que rapidamente transformar em carreira de Estado a estrutura da atual carreira do Seguro Social, equiparando-a com os sal\u00e1rios dos setores mais estruturados da administra\u00e7\u00e3o p\u00fablica, tais como os de fiscaliza\u00e7\u00e3o e arrecada\u00e7\u00e3o e os da \u00e1rea jur\u00eddica da administra\u00e7\u00e3o p\u00fablica federal&#8221;, afirma.<\/em><\/p>\n<p><em><strong>Sandro Alex de Oliveira Cezar*<\/strong><\/em><\/p>\n<p>O Instituto Nacional do Seguro Social (INSS) \u00e9 uma autarquia federal composta de excelentes quadros do setor p\u00fablico. \u00c9 uma institui\u00e7\u00e3o de excel\u00eancia na presta\u00e7\u00e3o de servi\u00e7os p\u00fablicos a sociedade. Por esta raz\u00e3o, deve ficar longe do troca-troca das rela\u00e7\u00f5es pol\u00edticas, at\u00e9 porque \u00e9 um dos poucos \u00d3rg\u00e3os que, mais do que assegurar direitos, tem autonomia para libera\u00e7\u00e3o de recursos p\u00fablicos na forma de aposentadoria e pens\u00f5es.<\/p>\n<p>A institui\u00e7\u00e3o precisa ter uma gest\u00e3o profissional selecionada entre os servidores dos pr\u00f3prios quadros a fim de evitar epis\u00f3dios como estes que vieram ao conhecimento p\u00fablico nos \u00faltimos dias sobre o envolvimento do presidente em mais um esc\u00e2ndalo.<\/p>\n<p>\u00c9 hora da transi\u00e7\u00e3o para um futuro ainda mais profissionalizado. O INSS passa por um esvaziamento em decorr\u00eancia da aus\u00eancia de concursos p\u00fablicos. Para se ter ideia, das 1.631 ag\u00eancias de todo o Brasil, 321 est\u00e3o com 50 a 100 % dos servidores com pedidos de aposentadoria. Com isso, a autarquia previdenci\u00e1ria passar\u00e1 por uma amea\u00e7a de um colapso em suas atividades em um curto espa\u00e7o de tempo. A estimativa \u00e9 de que sejam necess\u00e1rios 16.548 novos servidores para atender a necessidade do \u00f3rg\u00e3o.<\/p>\n<p>H\u00e1 uma necessidade premente do Instituto de fixar seus servidores que j\u00e1 s\u00e3o altamente capacitados. Para isso, o governo tem que rapidamente transformar em carreira de Estado a estrutura da atual carreira do Seguro Social, equiparando com os sal\u00e1rios dos setores mais estruturados da administra\u00e7\u00e3o p\u00fablica, tais como os setores de fiscaliza\u00e7\u00e3o e arrecada\u00e7\u00e3o e os da \u00e1rea jur\u00eddica da administra\u00e7\u00e3o p\u00fablica federal.<\/p>\n<p>A ado\u00e7\u00e3o das medidas ora propostas significariam uma enorme economia em raz\u00e3o de que reduziria a necessidade de contrata\u00e7\u00f5es e al\u00e9m do que manteria os servidores j\u00e1 treinados e capacitados ao longo do tempo pela pr\u00f3pria administra\u00e7\u00e3o p\u00fablica.<\/p>\n<p>Ainda deveria nesta nova estrutura ter a cria\u00e7\u00e3o de bonifica\u00e7\u00e3o para estimular a qualifica\u00e7\u00e3o dos servidores, a ser usada como forma de aperfei\u00e7oar a gest\u00e3o.<\/p>\n<p>Defendemos a previd\u00eancia p\u00fablica cada vez mais inclusiva e democr\u00e1tica com uma interlocu\u00e7\u00e3o direta entre os servidores p\u00fablicos e a gest\u00e3o como meio de se obter cada vez mais a amplia\u00e7\u00e3o da qualidade de atendimento \u00e0 popula\u00e7\u00e3o brasileira.<\/p>\n<p>Devemos seguir as boas pr\u00e1ticas para adequar a administra\u00e7\u00e3o p\u00fablica para os novos tempos. Por isso, devemos apontar que a sa\u00edda para a quest\u00e3o \u00e9 a transforma\u00e7\u00e3o imediata da carreira dos servidores em uma carreira id\u00eantica aos outros \u00f3rg\u00e3os que t\u00eam a mesma caracter\u00edstica, como a estrutura da Receita Federal do Brasil.<\/p>\n<p>Por um INSS mais profissional na gest\u00e3o e por mais racionalidade nos gastos dos recursos p\u00fablicos.<\/p>\n<p><em>*Sandro Alex de Oliveira Cezar<\/em> &#8211; Presidente da Confedera\u00e7\u00e3o Nacional dos Trabalhadores em Seguridade Social da CUT (CNTSS)<\/p>\n<p>_________________________________________________________________________________<\/p>\n","protected":false},"excerpt":{"rendered":"<p>O presidente da Confedera\u00e7\u00e3o Nacional dos Trabalhadores em Seguridade Social (CNTSS), para impedir novos esc\u00e2ndalos, como o que recentemente derrubou o presidente do INSS, defende a cria\u00e7\u00e3o de uma carreira de Estado dentro do \u00f3rg\u00e3o, com sal\u00e1rios e estruturas id\u00eanticas \u00e0 Receita Federal e \u00e0 AGU. &#8220;H\u00e1 uma necessidade premente do Instituto de fixar seus servidores que j\u00e1 s\u00e3o altamente [&hellip;]<\/p>\n","protected":false},"author":27,"featured_media":0,"comment_status":"open","ping_status":"closed","sticky":false,"template":"","format":"standard","meta":{"footnotes":""},"categories":[2719],"tags":[12451,157,2055,946,1308,12449,188,1062,619,834,56,12450,7742,940,11,5364,849,81,4559,294,316,30,58],"class_list":["post-9183","post","type-post","status-publish","format-standard","hentry","category-servidor","tag-aadministracao","tag-agu","tag-aposentadorias","tag-arrecadacao","tag-autonomia","tag-capacitados","tag-carreira","tag-cntss","tag-direitos","tag-escandalos","tag-estado","tag-estrurura","tag-estruturas","tag-fiscalizacao","tag-inss","tag-liberacao","tag-pensoes","tag-presidente","tag-profissionalizacao","tag-receita-federal","tag-recursos","tag-salarios","tag-servidores"],"_links":{"self":[{"href":"https:\/\/blogs.correiobraziliense.com.br\/servidor\/wp-json\/wp\/v2\/posts\/9183","targetHints":{"allow":["GET"]}}],"collection":[{"href":"https:\/\/blogs.correiobraziliense.com.br\/servidor\/wp-json\/wp\/v2\/posts"}],"about":[{"href":"https:\/\/blogs.correiobraziliense.com.br\/servidor\/wp-json\/wp\/v2\/types\/post"}],"author":[{"embeddable":true,"href":"https:\/\/blogs.correiobraziliense.com.br\/servidor\/wp-json\/wp\/v2\/users\/27"}],"replies":[{"embeddable":true,"href":"https:\/\/blogs.correiobraziliense.com.br\/servidor\/wp-json\/wp\/v2\/comments?post=9183"}],"version-history":[{"count":1,"href":"https:\/\/blogs.correiobraziliense.com.br\/servidor\/wp-json\/wp\/v2\/posts\/9183\/revisions"}],"predecessor-version":[{"id":9184,"href":"https:\/\/blogs.correiobraziliense.com.br\/servidor\/wp-json\/wp\/v2\/posts\/9183\/revisions\/9184"}],"wp:attachment":[{"href":"https:\/\/blogs.correiobraziliense.com.br\/servidor\/wp-json\/wp\/v2\/media?parent=9183"}],"wp:term":[{"taxonomy":"category","embeddable":true,"href":"https:\/\/blogs.correiobraziliense.com.br\/servidor\/wp-json\/wp\/v2\/categories?post=9183"},{"taxonomy":"post_tag","embeddable":true,"href":"https:\/\/blogs.correiobraziliense.com.br\/servidor\/wp-json\/wp\/v2\/tags?post=9183"}],"curies":[{"name":"wp","href":"https:\/\/api.w.org\/{rel}","templated":true}]}}