{"id":9177,"date":"2018-05-19T19:59:58","date_gmt":"2018-05-19T22:59:58","guid":{"rendered":"https:\/\/blogs.correiobraziliense.com.br\/servidor\/?p=9177"},"modified":"2018-05-19T19:59:58","modified_gmt":"2018-05-19T22:59:58","slug":"advogados-publicos-federais-protesto-na-proxima-quinta-feira","status":"publish","type":"post","link":"https:\/\/blogs.correiobraziliense.com.br\/servidor\/advogados-publicos-federais-protesto-na-proxima-quinta-feira\/","title":{"rendered":"Advogados p\u00fablicos federais &#8211; protesto na pr\u00f3xima quinta-feira"},"content":{"rendered":"<p><em>Em protesto contra as \u00faltimas medidas tomadas pela atual gest\u00e3o da Advocacia-Geral da Uni\u00e3o (AGU), a Associa\u00e7\u00e3o Nacional dos Advogados P\u00fablicos Federais (Anafe) far\u00e1, na na pr\u00f3xima quinta-feira (24), uma mobiliza\u00e7\u00e3o na sede I da AGU, em Bras\u00edlia. A Associa\u00e7\u00e3o convoca a classe.\u00a0<\/em><\/p>\n<p>Foi solicitada reuni\u00e3o na sala do Conselho Superior da\u00a0<a href=\"http:\/\/agu.gov.br\/\" target=\"_blank\" rel=\"noopener noreferrer\">Advocacia-Geral da Uni\u00e3o<\/a>\u00a0(CSAGU), com transmiss\u00e3o ao vivo dispon\u00edvel aos membros da AGU, com a advogada-geral da Uni\u00e3o, Grace Mendon\u00e7a, na mesma data, \u00e0s 14h30.<\/p>\n<p>O presidente da Anafe, Marcelino Rodrigues, afirma que a entidade seguir\u00e1 firme para combater eventuais tentativas de retrocessos institucionais que afastem a AGU de sua miss\u00e3o constitucional, que deve ser sempre comprometida com valores republicanos, transparentes e democr\u00e1ticos.<\/p>\n<p>&nbsp;<\/p>\n<p><strong>Servi\u00e7o<\/strong><\/p>\n<p>Local:\u00a0<strong>Em frente ao pr\u00e9dio sede I da AGU<\/strong>\u00a0(SAUS Quadra 3 \u2013 Bras\u00edlia)<\/p>\n<p>Data:\u00a0<strong>Quinta-feira<\/strong>\u00a0(24 de maio de 2018)<\/p>\n<p>Hor\u00e1rio:\u00a0<strong>14h<\/strong><\/p>\n","protected":false},"excerpt":{"rendered":"<p>Em protesto contra as \u00faltimas medidas tomadas pela atual gest\u00e3o da Advocacia-Geral da Uni\u00e3o (AGU), a Associa\u00e7\u00e3o Nacional dos Advogados P\u00fablicos Federais (Anafe) far\u00e1, na na pr\u00f3xima quinta-feira (24), uma mobiliza\u00e7\u00e3o na sede I da AGU, em Bras\u00edlia. A Associa\u00e7\u00e3o convoca a classe.\u00a0 Foi solicitada reuni\u00e3o na sala do Conselho Superior da\u00a0Advocacia-Geral da Uni\u00e3o\u00a0(CSAGU), com transmiss\u00e3o ao vivo dispon\u00edvel aos [&hellip;]<\/p>\n","protected":false},"author":27,"featured_media":0,"comment_status":"open","ping_status":"closed","sticky":false,"template":"","format":"standard","meta":{"footnotes":""},"categories":[2719],"tags":[265,157,59,3313,481,718,24,3513],"class_list":["post-9177","post","type-post","status-publish","format-standard","hentry","category-servidor","tag-advogados","tag-agu","tag-federais","tag-institucionais","tag-mobilizacao","tag-protesto","tag-publicos","tag-retrocessos"],"_links":{"self":[{"href":"https:\/\/blogs.correiobraziliense.com.br\/servidor\/wp-json\/wp\/v2\/posts\/9177","targetHints":{"allow":["GET"]}}],"collection":[{"href":"https:\/\/blogs.correiobraziliense.com.br\/servidor\/wp-json\/wp\/v2\/posts"}],"about":[{"href":"https:\/\/blogs.correiobraziliense.com.br\/servidor\/wp-json\/wp\/v2\/types\/post"}],"author":[{"embeddable":true,"href":"https:\/\/blogs.correiobraziliense.com.br\/servidor\/wp-json\/wp\/v2\/users\/27"}],"replies":[{"embeddable":true,"href":"https:\/\/blogs.correiobraziliense.com.br\/servidor\/wp-json\/wp\/v2\/comments?post=9177"}],"version-history":[{"count":1,"href":"https:\/\/blogs.correiobraziliense.com.br\/servidor\/wp-json\/wp\/v2\/posts\/9177\/revisions"}],"predecessor-version":[{"id":9178,"href":"https:\/\/blogs.correiobraziliense.com.br\/servidor\/wp-json\/wp\/v2\/posts\/9177\/revisions\/9178"}],"wp:attachment":[{"href":"https:\/\/blogs.correiobraziliense.com.br\/servidor\/wp-json\/wp\/v2\/media?parent=9177"}],"wp:term":[{"taxonomy":"category","embeddable":true,"href":"https:\/\/blogs.correiobraziliense.com.br\/servidor\/wp-json\/wp\/v2\/categories?post=9177"},{"taxonomy":"post_tag","embeddable":true,"href":"https:\/\/blogs.correiobraziliense.com.br\/servidor\/wp-json\/wp\/v2\/tags?post=9177"}],"curies":[{"name":"wp","href":"https:\/\/api.w.org\/{rel}","templated":true}]}}