{"id":9173,"date":"2018-05-19T17:58:44","date_gmt":"2018-05-19T20:58:44","guid":{"rendered":"https:\/\/blogs.correiobraziliense.com.br\/servidor\/?p=9173"},"modified":"2018-05-19T17:58:44","modified_gmt":"2018-05-19T20:58:44","slug":"geap-interinidade-da-nova-diretora-executiva","status":"publish","type":"post","link":"https:\/\/blogs.correiobraziliense.com.br\/servidor\/geap-interinidade-da-nova-diretora-executiva\/","title":{"rendered":"Geap &#8211; interinidade da nova diretora-executiva"},"content":{"rendered":"<p><em>Associa\u00e7\u00e3o Nacional dos Servidores P\u00fablicos, da Previd\u00eancia e Seguridade Social (Anasps) apoia a indica\u00e7\u00e3o de Luciana Rodriguez Carvalho e torce para sua efetiva\u00e7\u00e3o<\/em><\/p>\n<p>Veja a nota:<\/p>\n<p>&#8220;Paulo C\u00e9sar R\u00e9gis de Souza*<\/p>\n<p>Recentemente escrevi mat\u00e9ria sobre os \u00faltimos acontecimentos na Geap, maior operadora de plano de sa\u00fade do servidor p\u00fablico!<\/p>\n<p>Na mat\u00e9ria a Anasps demonstrava sua satisfa\u00e7\u00e3o em ver uma funcion\u00e1ria da casa assumir o importante cargo de diretora executiva, mesmo que interinamente, e torcia para sua efetiva\u00e7\u00e3o.<\/p>\n<p>Dois nomes foram indicados politicamente, com curr\u00edculo rico de mercado e no entanto n\u00e3o ficaram, provavelmente por interfer\u00eancias pol\u00edticas, pois at\u00e9 onde sabemos, com idoneidade e ilibada reputa\u00e7\u00e3o. Portanto, somente a pol\u00edtica poderia interferir.<\/p>\n<p>Vemos agora a possibilidade da efetiva\u00e7\u00e3o da doutora Luciana Rodrigues Carvalho, com propostas concretas em melhorar a rede, buscar novos benefici\u00e1rios, buscar os clientes inadimplentes.<\/p>\n<p>A Anasps, representante de mais de 59 mil benefici\u00e1rios da Geap, deseja sucesso a Luciana e apoia totalmente seu nome como diretora-executiva. Que os pol\u00edticos e conselho (Conad) tenham o bom senso\u00a0 de acabar com experi\u00eancias e a efetive no cargo.&#8221;<\/p>\n<p>*Paulo C\u00e9sar R\u00e9gis de Souza &#8211; da diretoria executiva da Anasps<\/p>\n","protected":false},"excerpt":{"rendered":"<p>Associa\u00e7\u00e3o Nacional dos Servidores P\u00fablicos, da Previd\u00eancia e Seguridade Social (Anasps) apoia a indica\u00e7\u00e3o de Luciana Rodriguez Carvalho e torce para sua efetiva\u00e7\u00e3o Veja a nota: &#8220;Paulo C\u00e9sar R\u00e9gis de Souza* Recentemente escrevi mat\u00e9ria sobre os \u00faltimos acontecimentos na Geap, maior operadora de plano de sa\u00fade do servidor p\u00fablico! Na mat\u00e9ria a Anasps demonstrava sua satisfa\u00e7\u00e3o em ver uma funcion\u00e1ria [&hellip;]<\/p>\n","protected":false},"author":27,"featured_media":0,"comment_status":"open","ping_status":"closed","sticky":false,"template":"","format":"standard","meta":{"footnotes":""},"categories":[2719],"tags":[337,12440,12444,76,2165,10106,1053,953,241,616,8],"class_list":["post-9173","post","type-post","status-publish","format-standard","hentry","category-servidor","tag-anasps","tag-diretora-executiva","tag-efetivacao","tag-geap","tag-indicacao","tag-interinidade","tag-operadora","tag-planos","tag-publico","tag-saude","tag-servidor"],"_links":{"self":[{"href":"https:\/\/blogs.correiobraziliense.com.br\/servidor\/wp-json\/wp\/v2\/posts\/9173","targetHints":{"allow":["GET"]}}],"collection":[{"href":"https:\/\/blogs.correiobraziliense.com.br\/servidor\/wp-json\/wp\/v2\/posts"}],"about":[{"href":"https:\/\/blogs.correiobraziliense.com.br\/servidor\/wp-json\/wp\/v2\/types\/post"}],"author":[{"embeddable":true,"href":"https:\/\/blogs.correiobraziliense.com.br\/servidor\/wp-json\/wp\/v2\/users\/27"}],"replies":[{"embeddable":true,"href":"https:\/\/blogs.correiobraziliense.com.br\/servidor\/wp-json\/wp\/v2\/comments?post=9173"}],"version-history":[{"count":1,"href":"https:\/\/blogs.correiobraziliense.com.br\/servidor\/wp-json\/wp\/v2\/posts\/9173\/revisions"}],"predecessor-version":[{"id":9174,"href":"https:\/\/blogs.correiobraziliense.com.br\/servidor\/wp-json\/wp\/v2\/posts\/9173\/revisions\/9174"}],"wp:attachment":[{"href":"https:\/\/blogs.correiobraziliense.com.br\/servidor\/wp-json\/wp\/v2\/media?parent=9173"}],"wp:term":[{"taxonomy":"category","embeddable":true,"href":"https:\/\/blogs.correiobraziliense.com.br\/servidor\/wp-json\/wp\/v2\/categories?post=9173"},{"taxonomy":"post_tag","embeddable":true,"href":"https:\/\/blogs.correiobraziliense.com.br\/servidor\/wp-json\/wp\/v2\/tags?post=9173"}],"curies":[{"name":"wp","href":"https:\/\/api.w.org\/{rel}","templated":true}]}}