{"id":9165,"date":"2018-05-17T19:51:39","date_gmt":"2018-05-17T22:51:39","guid":{"rendered":"https:\/\/blogs.correiobraziliense.com.br\/servidor\/?p=9165"},"modified":"2018-05-17T19:51:39","modified_gmt":"2018-05-17T22:51:39","slug":"bndes-publica-edital-para-contratar-modelagem-da-desestatizacao-da-eletrobras","status":"publish","type":"post","link":"https:\/\/blogs.correiobraziliense.com.br\/servidor\/bndes-publica-edital-para-contratar-modelagem-da-desestatizacao-da-eletrobras\/","title":{"rendered":"BNDES publica edital para contratar modelagem da desestatiza\u00e7\u00e3o da Eletrobr\u00e1s"},"content":{"rendered":"<p><span style=\"font-family: Arial;font-size: medium\"><i>Abertura da sess\u00e3o p\u00fablica est\u00e1 marcada para o dia 12 de junho, \u00e0s 10h30, no portal de compras do governo federal<\/i><\/span><\/p>\n<p><span style=\"font-family: Arial;font-size: medium\">O Banco Nacional de Desenvolvimento Econ\u00f4mico e Social (BNDES) publicou nesta quinta-feira, 17, edital para contrata\u00e7\u00e3o dos servi\u00e7os necess\u00e1rios para estrutura\u00e7\u00e3o e defini\u00e7\u00e3o do modelo de desestatiza\u00e7\u00e3o das centrais El\u00e9tricas Brasileiras S.A (Eletrobr\u00e1s), por meio de oferta p\u00fablica de a\u00e7\u00f5es. O processo de desestatiza\u00e7\u00e3o da Eletrobr\u00e1s est\u00e1 inscrito no \u00e2mbito do Programa de Parcerias de Investimentos da Presid\u00eancia da Rep\u00fablica (PPI). <\/span><\/p>\n<p><span style=\"font-family: Arial;font-size: medium\">O principal objetivo da contrata\u00e7\u00e3o \u00e9 a proposi\u00e7\u00e3o do modelo de aumento de capital da Eletrobr\u00e1s, levantamento de dados e informa\u00e7\u00f5es, avalia\u00e7\u00e3o, consultoria e assessoria. <\/span><span style=\"font-family: Arial;font-size: medium\">A licita\u00e7\u00e3o dos servi\u00e7os de estrutura\u00e7\u00e3o e defini\u00e7\u00e3o do modelo a ser usado na desestatiza\u00e7\u00e3o da Eletrobr\u00e1s ser\u00e1 por preg\u00e3o eletr\u00f4nico (menor pre\u00e7o global). A abertura da sess\u00e3o p\u00fablica est\u00e1 marcada para o dia 12 de junho, \u00e0s 10h30, hor\u00e1rio de Bras\u00edlia, no portal de compras do governo federal <\/span><a href=\"http:\/\/www.comprasgovernamentais.gov.br\" target=\"_blank\"><span style=\"color: blue;font-family: Arial;font-size: medium\"><u>www.comprasgovernamentais.gov.br<\/u><\/span><\/a><span style=\"font-family: Arial;font-size: medium\">. <\/span><\/p>\n<p><span style=\"font-family: Arial;font-size: medium\"><b>Estudos<\/b><\/span><\/p>\n<p><span style=\"font-family: Arial;font-size: medium\">O escopo dos servi\u00e7os a serem prestados nesta fase de modelagem da desestatiza\u00e7\u00e3o da Eletrobr\u00e1s compreendem a avalia\u00e7\u00e3o econ\u00f4mico-financeira e de rentabilidade dos novos contratos de concess\u00e3o; estudos e proposi\u00e7\u00f5es para segrega\u00e7\u00e3o da Eletronuclear e Itaipu; diagn\u00f3stico e assessoria para reestrutura\u00e7\u00e3o da d\u00edvida da Eletrobr\u00e1s; e, assessoria jur\u00eddica.<\/span><br \/>\n<b><\/b><\/p>\n<p><span style=\"font-family: Arial;font-size: medium\"><b>D\u00favidas<\/b><\/span><\/p>\n<p><span style=\"font-family: Arial;font-size: medium\">Os licitantes que tiverem d\u00favidas acerca do processo licitat\u00f3rio devem encaminhar suas quest\u00f5es, at\u00e9 o dia 9 de junho, para o e-mail <\/span><a href=\"mailto:licita\u00fe\u00a7es@bndes.gov.br\" target=\"_blank\"><span style=\"color: blue;font-family: Arial;font-size: medium\"><u>licita\u00e7\u00f5es@bndes.gov.br<\/u><\/span><\/a><span style=\"font-family: Arial;font-size: medium\">. <\/span><br \/>\n<span style=\"font-family: Arial;font-size: medium\">O Edital e demais documentos da licita\u00e7\u00e3o est\u00e3o dispon\u00edveis em:<\/span><a href=\"https:\/\/www.bndes.gov.br\/wps\/portal\/site\/home\/transparencia\/licitacoes-contratos\/licitacoes\/pregoes-eletronicos\/pregoes-eletronicos-2018\/\" target=\"_blank\"><span style=\"color: blue;font-family: Arial;font-size: medium\"><u>https:\/\/www.bndes.gov.br\/wps\/portal\/site\/home\/transparencia\/licitacoes-contratos\/licitacoes\/pregoes-eletronicos\/pregoes-eletronicos-2018\/<\/u><\/span><\/a><\/p>\n","protected":false},"excerpt":{"rendered":"<p>Abertura da sess\u00e3o p\u00fablica est\u00e1 marcada para o dia 12 de junho, \u00e0s 10h30, no portal de compras do governo federal O Banco Nacional de Desenvolvimento Econ\u00f4mico e Social (BNDES) publicou nesta quinta-feira, 17, edital para contrata\u00e7\u00e3o dos servi\u00e7os necess\u00e1rios para estrutura\u00e7\u00e3o e defini\u00e7\u00e3o do modelo de desestatiza\u00e7\u00e3o das centrais El\u00e9tricas Brasileiras S.A (Eletrobr\u00e1s), por meio de oferta p\u00fablica de [&hellip;]<\/p>\n","protected":false},"author":27,"featured_media":0,"comment_status":"open","ping_status":"closed","sticky":false,"template":"","format":"standard","meta":{"footnotes":""},"categories":[2719],"tags":[2739,9249,2687,92,2651,124,98,8964,3235,2531,147,2227],"class_list":["post-9165","post","type-post","status-publish","format-standard","hentry","category-servidor","tag-bndes","tag-compras","tag-desestatizacao","tag-edital","tag-eletrobras","tag-federal","tag-governo","tag-modelagem","tag-portal","tag-ppi","tag-publica","tag-sessao"],"_links":{"self":[{"href":"https:\/\/blogs.correiobraziliense.com.br\/servidor\/wp-json\/wp\/v2\/posts\/9165","targetHints":{"allow":["GET"]}}],"collection":[{"href":"https:\/\/blogs.correiobraziliense.com.br\/servidor\/wp-json\/wp\/v2\/posts"}],"about":[{"href":"https:\/\/blogs.correiobraziliense.com.br\/servidor\/wp-json\/wp\/v2\/types\/post"}],"author":[{"embeddable":true,"href":"https:\/\/blogs.correiobraziliense.com.br\/servidor\/wp-json\/wp\/v2\/users\/27"}],"replies":[{"embeddable":true,"href":"https:\/\/blogs.correiobraziliense.com.br\/servidor\/wp-json\/wp\/v2\/comments?post=9165"}],"version-history":[{"count":1,"href":"https:\/\/blogs.correiobraziliense.com.br\/servidor\/wp-json\/wp\/v2\/posts\/9165\/revisions"}],"predecessor-version":[{"id":9166,"href":"https:\/\/blogs.correiobraziliense.com.br\/servidor\/wp-json\/wp\/v2\/posts\/9165\/revisions\/9166"}],"wp:attachment":[{"href":"https:\/\/blogs.correiobraziliense.com.br\/servidor\/wp-json\/wp\/v2\/media?parent=9165"}],"wp:term":[{"taxonomy":"category","embeddable":true,"href":"https:\/\/blogs.correiobraziliense.com.br\/servidor\/wp-json\/wp\/v2\/categories?post=9165"},{"taxonomy":"post_tag","embeddable":true,"href":"https:\/\/blogs.correiobraziliense.com.br\/servidor\/wp-json\/wp\/v2\/tags?post=9165"}],"curies":[{"name":"wp","href":"https:\/\/api.w.org\/{rel}","templated":true}]}}