{"id":9144,"date":"2018-05-17T15:07:24","date_gmt":"2018-05-17T18:07:24","guid":{"rendered":"https:\/\/blogs.correiobraziliense.com.br\/servidor\/?p=9144"},"modified":"2018-05-17T15:07:24","modified_gmt":"2018-05-17T18:07:24","slug":"mudanca-do-inss-nos-requerimentos-de-aposentadoria-por-idade-e-salario-maternidade-diminuira-qualidade-no-servico","status":"publish","type":"post","link":"https:\/\/blogs.correiobraziliense.com.br\/servidor\/mudanca-do-inss-nos-requerimentos-de-aposentadoria-por-idade-e-salario-maternidade-diminuira-qualidade-no-servico\/","title":{"rendered":"Mudan\u00e7a do INSS nos requerimentos de aposentadoria por idade e sal\u00e1rio-maternidade diminuir\u00e1 qualidade no servi\u00e7o"},"content":{"rendered":"<p style=\"text-align: left\" align=\"center\"><em>Mudan\u00e7a no INSS nos requerimentos de aposentadoria por idade e sal\u00e1rio-maternidade. Para diretor adjunto do IBDP, Paulo Bacelar, o sistema do INSS\u00a0diminuir\u00e1 a qualidade do servi\u00e7o prestado e dificultar\u00e1 ainda mais para os segurados mais humildes, que s\u00e3o a maioria\u00a0<\/em><\/p>\n<p>\u00a0 \u00a0 \u00a0 \u00a0 \u00a0 \u00a0 \u00a0 \u00a0A partir de 21 de maio, pedidos de aposentadoria por idade e sal\u00e1rio-maternidade somente ser\u00e3o requeridos pelo telefone 135 ou pela internet, no \u201cMeu INSS\u201d (<a href=\"http:\/\/meu.inss.gov.br\/\" target=\"_blank\">meu.inss.gov.br<\/a>). \u00a0 \u00a0 \u00a0 \u00a0 \u00a0 \u00a0\u00a0 O sistema promete que o benef\u00edcio ser\u00e1 processado de forma autom\u00e1tica. O segurado acessa o \u201cMeu INSS\u201d e faz o requerimento dos benef\u00edcios, sendo transmitido para o GET \u2013 gerenciador de tarefas que \u00e9 acessado pelo servidor do INSS. De acordo com Paulo Bacelar, diretor adjunto de processo administrativo do IBDP, se houver alguma pend\u00eancia o benef\u00edcio ficar\u00e1 com status \u201cem an\u00e1lise\u201d para ser processado pelo servidor.<\/p>\n<p>Nos casos em que n\u00e3o tenha implementado os requisitos m\u00ednimos como idade ou car\u00eancia o sistema bloqueia e exige o agendamento pelo telefone 135, obrigando o segurado a comparecer a uma ag\u00eancia da Previd\u00eancia Social. Se n\u00e3o tiver pend\u00eancia o sistema concede automaticamente. \u201cCom 15 anos de contribui\u00e7\u00e3o, por exemplo, o sistema concede automaticamente. Caso contr\u00e1rio, somente agendando pelo 135\u201d, explica Bacelar. O benef\u00edcio ser\u00e1 concedido pelo que consta no CNIS (Cadastro Nacional de Informa\u00e7\u00f5es Sociais), mas se o segurado der entrada e discordar do valor concedido pode requerer a revis\u00e3o do mesmo. Essa dever\u00e1 ser agendada pelo site.<\/p>\n<p>Quando o benef\u00edcio \u00e9 requerido pelo advogado ele entra atrav\u00e9s do SAG \u2013 sistema da OAB conveniada com o INSS. Desta forma tamb\u00e9m ser\u00e1 autom\u00e1tica a concess\u00e3o.\u00a0<u><\/u><u><\/u><\/p>\n<p>Para Bacelar, o sistema poder\u00e1 diminuir a qualidade do servi\u00e7o prestado, al\u00e9m de ocasionar o fechamento de muitas ag\u00eancias e a demiss\u00e3o de servidores na \u00e1rea. \u201cN\u00e3o podemos esquecer que a maioria das pessoas que buscam esse benef\u00edcio s\u00e3o humildes e n\u00e3o est\u00e3o preparadas para um sistema assim\u201d, pontua. Para ele, o INSS j\u00e1 est\u00e1 tendo dificuldade na an\u00e1lise de alguns benef\u00edcios devido \u00e0s complica\u00e7\u00f5es na comunica\u00e7\u00e3o. \u201cNos benef\u00edcios assistenciais principalmente, \u00e9 dif\u00edcil ter um requerente com e-mail ou mesmo um telefone que atenda quando \u00e9 preciso passar uma informa\u00e7\u00e3o, marcar uma avalia\u00e7\u00e3o ou per\u00edcia m\u00e9dica, por exemplo\u201d, conclui.<\/p>\n<p>Para Adriane Bramante, presidente do Instituto Brasileiro de Direito Previdenci\u00e1rio (IBDP), ainda \u00e9 precoce implantar um sistema desses sem que todas as ag\u00eancias\u00a0do INSS estejam\u00a0digitais, pois o segurado ainda ter\u00e1 que ir pessoalmente entregar os documentos\u00a0em muitos locais ainda n\u00e3o informatizados.<\/p>\n","protected":false},"excerpt":{"rendered":"<p>Mudan\u00e7a no INSS nos requerimentos de aposentadoria por idade e sal\u00e1rio-maternidade. Para diretor adjunto do IBDP, Paulo Bacelar, o sistema do INSS\u00a0diminuir\u00e1 a qualidade do servi\u00e7o prestado e dificultar\u00e1 ainda mais para os segurados mais humildes, que s\u00e3o a maioria\u00a0 \u00a0 \u00a0 \u00a0 \u00a0 \u00a0 \u00a0 \u00a0 \u00a0A partir de 21 de maio, pedidos de aposentadoria por idade e sal\u00e1rio-maternidade [&hellip;]<\/p>\n","protected":false},"author":27,"featured_media":0,"comment_status":"open","ping_status":"closed","sticky":false,"template":"","format":"standard","meta":{"footnotes":""},"categories":[2719],"tags":[6,2054,11,2882,12434,91,787,1959,10239,522,212,961,8577],"class_list":["post-9144","post","type-post","status-publish","format-standard","hentry","category-servidor","tag-aposentadoria","tag-idade","tag-inss","tag-internet","tag-meu-inss","tag-mudanca","tag-qualidade","tag-requerimento","tag-salario-maternidade","tag-segurados","tag-servico","tag-sistema","tag-tarefas"],"_links":{"self":[{"href":"https:\/\/blogs.correiobraziliense.com.br\/servidor\/wp-json\/wp\/v2\/posts\/9144","targetHints":{"allow":["GET"]}}],"collection":[{"href":"https:\/\/blogs.correiobraziliense.com.br\/servidor\/wp-json\/wp\/v2\/posts"}],"about":[{"href":"https:\/\/blogs.correiobraziliense.com.br\/servidor\/wp-json\/wp\/v2\/types\/post"}],"author":[{"embeddable":true,"href":"https:\/\/blogs.correiobraziliense.com.br\/servidor\/wp-json\/wp\/v2\/users\/27"}],"replies":[{"embeddable":true,"href":"https:\/\/blogs.correiobraziliense.com.br\/servidor\/wp-json\/wp\/v2\/comments?post=9144"}],"version-history":[{"count":1,"href":"https:\/\/blogs.correiobraziliense.com.br\/servidor\/wp-json\/wp\/v2\/posts\/9144\/revisions"}],"predecessor-version":[{"id":9145,"href":"https:\/\/blogs.correiobraziliense.com.br\/servidor\/wp-json\/wp\/v2\/posts\/9144\/revisions\/9145"}],"wp:attachment":[{"href":"https:\/\/blogs.correiobraziliense.com.br\/servidor\/wp-json\/wp\/v2\/media?parent=9144"}],"wp:term":[{"taxonomy":"category","embeddable":true,"href":"https:\/\/blogs.correiobraziliense.com.br\/servidor\/wp-json\/wp\/v2\/categories?post=9144"},{"taxonomy":"post_tag","embeddable":true,"href":"https:\/\/blogs.correiobraziliense.com.br\/servidor\/wp-json\/wp\/v2\/tags?post=9144"}],"curies":[{"name":"wp","href":"https:\/\/api.w.org\/{rel}","templated":true}]}}