{"id":9142,"date":"2018-05-17T15:01:39","date_gmt":"2018-05-17T18:01:39","guid":{"rendered":"https:\/\/blogs.correiobraziliense.com.br\/servidor\/?p=9142"},"modified":"2018-05-17T15:01:39","modified_gmt":"2018-05-17T18:01:39","slug":"observatorio-legislativo-monitora-intervencao-federal-na-seguranca-do-rio","status":"publish","type":"post","link":"https:\/\/blogs.correiobraziliense.com.br\/servidor\/observatorio-legislativo-monitora-intervencao-federal-na-seguranca-do-rio\/","title":{"rendered":"Observat\u00f3rio Legislativo monitora interven\u00e7\u00e3o federal na seguran\u00e7a do Rio"},"content":{"rendered":"<p><i>Portal criado pela C\u00e2mara dos Deputados re\u00fane informa\u00e7\u00f5es, an\u00e1lises e estat\u00edsticas sobre as a\u00e7\u00f5es militares nos 92 munic\u00edpios fluminenses<\/i><\/p>\n<p>A C\u00e2mara criou o Observat\u00f3rio Legislativo da Interven\u00e7\u00e3o Federal na Seguran\u00e7a P\u00fablica do Estado do Rio de Janeiro (Olerj), com o objetivo de monitorar os dados referentes \u00e0 seguran\u00e7a p\u00fablica no estado. Entre as a\u00e7\u00f5es do Observat\u00f3rio, est\u00e1 a defini\u00e7\u00e3o de <a href=\"http:\/\/olerj.camara.leg.br\/estudos-e-pesquisas\/indicadores_olerj_abril_2018.pdf\" target=\"_blank\"> indicadores<\/a> que permitem acompanhar a evolu\u00e7\u00e3o das diversas ocorr\u00eancias criminais, al\u00e9m do n\u00famero de pris\u00f5es e apreens\u00f5es de drogas, com base nos dados do Instituto de Seguran\u00e7a P\u00fablica do Rio. Tamb\u00e9m est\u00e3o sendo produzidos estudos e pesquisas sobre viol\u00eancia, educa\u00e7\u00e3o e gastos p\u00fablicos, entre outros temas, assim como boletins e an\u00e1lises, estes \u00faltimos em parceria com pesquisadores que atuam como colaboradores do Observat\u00f3rio.<\/p>\n<p>s conte\u00fados est\u00e3o todos reunidos, desde mar\u00e7o, em um <a href=\"http:\/\/olerj.camara.leg.br\/estudos-e-pesquisas\/indicadores_olerj_abril_2018.pdf\"> portal<\/a> na internet, que tamb\u00e9m disponibiliza os relat\u00f3rios semanais gerados pela Funda\u00e7\u00e3o Get\u00falio Vargas sobre o perfil de engajamento da popula\u00e7\u00e3o nos debates das redes sociais relacionados \u00e0 interven\u00e7\u00e3o. No portal, \u00e9 poss\u00edvel, ainda, acompanhar todas as not\u00edcias produzidas pelos ve\u00edculos de comunica\u00e7\u00e3o social da C\u00e2mara.<\/p>\n<p><strong>Servi\u00e7o<\/strong><\/p>\n<p>OLERJ \u2013 Observat\u00f3rio Legislativo da Interven\u00e7\u00e3o Federal na Seguran\u00e7a P\u00fablica do Estado do Rio de Janeiro<\/p>\n<p>Dispon\u00edvel em <a href=\"http:\/\/www.olerj.camara.leg.br\">olerj.camara.leg.br<\/a> (o endere\u00e7o n\u00e3o tem <u>www<\/u>)<\/p>\n","protected":false},"excerpt":{"rendered":"<p>Portal criado pela C\u00e2mara dos Deputados re\u00fane informa\u00e7\u00f5es, an\u00e1lises e estat\u00edsticas sobre as a\u00e7\u00f5es militares nos 92 munic\u00edpios fluminenses A C\u00e2mara criou o Observat\u00f3rio Legislativo da Interven\u00e7\u00e3o Federal na Seguran\u00e7a P\u00fablica do Estado do Rio de Janeiro (Olerj), com o objetivo de monitorar os dados referentes \u00e0 seguran\u00e7a p\u00fablica no estado. Entre as a\u00e7\u00f5es do Observat\u00f3rio, est\u00e1 a defini\u00e7\u00e3o de [&hellip;]<\/p>\n","protected":false},"author":27,"featured_media":0,"comment_status":"open","ping_status":"closed","sticky":false,"template":"","format":"standard","meta":{"footnotes":""},"categories":[2719],"tags":[9924,12433,61,124,5298,10,4248,12432,7816,754,208],"class_list":["post-9142","post","type-post","status-publish","format-standard","hentry","category-servidor","tag-analises","tag-boletins","tag-camara","tag-federal","tag-intervencao","tag-legislativo","tag-observatorio","tag-olerj","tag-pesquisadores","tag-rio-de-janeiro","tag-seguranca"],"_links":{"self":[{"href":"https:\/\/blogs.correiobraziliense.com.br\/servidor\/wp-json\/wp\/v2\/posts\/9142","targetHints":{"allow":["GET"]}}],"collection":[{"href":"https:\/\/blogs.correiobraziliense.com.br\/servidor\/wp-json\/wp\/v2\/posts"}],"about":[{"href":"https:\/\/blogs.correiobraziliense.com.br\/servidor\/wp-json\/wp\/v2\/types\/post"}],"author":[{"embeddable":true,"href":"https:\/\/blogs.correiobraziliense.com.br\/servidor\/wp-json\/wp\/v2\/users\/27"}],"replies":[{"embeddable":true,"href":"https:\/\/blogs.correiobraziliense.com.br\/servidor\/wp-json\/wp\/v2\/comments?post=9142"}],"version-history":[{"count":1,"href":"https:\/\/blogs.correiobraziliense.com.br\/servidor\/wp-json\/wp\/v2\/posts\/9142\/revisions"}],"predecessor-version":[{"id":9143,"href":"https:\/\/blogs.correiobraziliense.com.br\/servidor\/wp-json\/wp\/v2\/posts\/9142\/revisions\/9143"}],"wp:attachment":[{"href":"https:\/\/blogs.correiobraziliense.com.br\/servidor\/wp-json\/wp\/v2\/media?parent=9142"}],"wp:term":[{"taxonomy":"category","embeddable":true,"href":"https:\/\/blogs.correiobraziliense.com.br\/servidor\/wp-json\/wp\/v2\/categories?post=9142"},{"taxonomy":"post_tag","embeddable":true,"href":"https:\/\/blogs.correiobraziliense.com.br\/servidor\/wp-json\/wp\/v2\/tags?post=9142"}],"curies":[{"name":"wp","href":"https:\/\/api.w.org\/{rel}","templated":true}]}}