{"id":913,"date":"2016-02-03T12:19:16","date_gmt":"2016-02-03T14:19:16","guid":{"rendered":"https:\/\/blogs.correiobraziliense.com.br\/servidor\/?p=913"},"modified":"2016-02-03T12:19:16","modified_gmt":"2016-02-03T14:19:16","slug":"sindifisco-nacional-demora-na-apresentacao-de-pauta-nao-esmorece-categoria","status":"publish","type":"post","link":"https:\/\/blogs.correiobraziliense.com.br\/servidor\/sindifisco-nacional-demora-na-apresentacao-de-pauta-nao-esmorece-categoria\/","title":{"rendered":"SINDIFISCO NACIONAL: DEMORA NA APRESENTA\u00c7\u00c3O DE PAUTA N\u00c3O ESMORECE CATEGORIA"},"content":{"rendered":"<p><em>Auditores voltam a amea\u00e7ar o Executivo: &#8220;O governo j\u00e1 tem ci\u00eancia de que s\u00f3 poder\u00e1 contar com a contribui\u00e7\u00e3o dos auditores na melhoria do cen\u00e1rio socioecon\u00f4mico do pa\u00eds ap\u00f3s valorizar a categoria e respeit\u00e1-la como ela merece.&#8221;<\/em><\/p>\n<p>&nbsp;<\/p>\n<p>Por meio de nota, o Sindicato Nacional dos Auditores Fiscais da Receita Federal (Sindifisco Nacional) informou que a estrat\u00e9gia do governo em postergar a apresenta\u00e7\u00e3o de uma proposta concreta para as pautas remunerat\u00f3ria e n\u00e3o remunerat\u00f3ria aos auditores\u00a0da RFB (Receita Federal do Brasil) parece ter o objetivo de minar a mobiliza\u00e7\u00e3o da categoria, mas est\u00e1 longe de alcan\u00e7ar seu intento.<\/p>\n<p>Apesar de o Executivo ter anunciado que oficializaria um acordo com a classe no dia 26 de janeiro, uma vez que tinha pressa em ver a retomada da normalidade na Receita, a not\u00edcia que se tem \u00e9 de que tal proposta s\u00f3 ocorrer\u00e1 ap\u00f3s as festividades de carnaval, ou seja, cerca de 20 dias depois do prazo inicial combinado.<\/p>\n<p>Para um governo que tem pressa e que necessita urgentemente do trabalho dos auditores fiscais para diminuir o rombo dos cofres p\u00fablicos, esta atitude deixa a categoria, no m\u00ednimo, de sobreaviso.<\/p>\n<p>&nbsp;<\/p>\n<p><strong>Estrat\u00e9gias<\/strong><\/p>\n<p>Diante da indiferen\u00e7a, o recado da classe \u00e9 de que a mobiliza\u00e7\u00e3o continua firme e combativa. Nos pr\u00f3ximos dias, entre 23 e 25 de fevereiro, os auditores se reunir\u00e3o no primeiro CDS (Conselho de Delegados Sindicais) do ano, onde se debater\u00e3o estrat\u00e9gias de acirramento das a\u00e7\u00f5es reivindicat\u00f3rias.<\/p>\n<p>Tamb\u00e9m neste per\u00edodo, entre 24 e 26, o CNM (Comando Nacional de Mobiliza\u00e7\u00e3o) estar\u00e1 reunido com os membros da DEN (Diretoria Executiva Nacional) e com os representantes dos CLM (Comandos Locais de Mobiliza\u00e7\u00e3o) de todo o pa\u00eds com a mesma finalidade.<\/p>\n<p>As estrat\u00e9gias j\u00e1 em curso continuam repercutindo pelo pa\u00eds. No site do Sindicato foi disponibilizada uma p\u00e1gina que agrega o n\u00famero de cargos de chefia j\u00e1 entregues desde o in\u00edcio da mobiliza\u00e7\u00e3o. At\u00e9 o momento, foram contabilizadas 633 entregas, mas o n\u00famero \u00e9 muito maior, chegando perto de dois mil, tendo em vista que muitas DS (Delegacias Sindicais) continuam atualizando constantemente os dados referentes \u00e0 sua regi\u00e3o de abrang\u00eancia e outras ainda n\u00e3o o fizeram.<\/p>\n<p>Da mesma forma, o Dia sem Computador continua refletindo nas reparti\u00e7\u00f5es da Receita de todo o pa\u00eds, tendo impactado diretamente nos relat\u00f3rios gerenciais da Administra\u00e7\u00e3o.<br \/>\nA Classe est\u00e1 pronta para esperar o tempo necess\u00e1rio. O Governo j\u00e1 tem ci\u00eancia de que s\u00f3 poder\u00e1 contar com a contribui\u00e7\u00e3o dos auditores na melhoria do cen\u00e1rio socioecon\u00f4mico do pa\u00eds ap\u00f3s valorizar a categoria e respeit\u00e1-la como ela merece.<\/p>\n","protected":false},"excerpt":{"rendered":"<p>Auditores voltam a amea\u00e7ar o Executivo: &#8220;O governo j\u00e1 tem ci\u00eancia de que s\u00f3 poder\u00e1 contar com a contribui\u00e7\u00e3o dos auditores na melhoria do cen\u00e1rio socioecon\u00f4mico do pa\u00eds ap\u00f3s valorizar a categoria e respeit\u00e1-la como ela merece.&#8221; &nbsp; Por meio de nota, o Sindicato Nacional dos Auditores Fiscais da Receita Federal (Sindifisco Nacional) informou que a estrat\u00e9gia do governo em [&hellip;]<\/p>\n","protected":false},"author":27,"featured_media":0,"comment_status":"open","ping_status":"closed","sticky":false,"template":"","format":"standard","meta":{"footnotes":""},"categories":[1],"tags":[327,681,379,98,17,294,22,597,682],"class_list":["post-913","post","type-post","status-publish","format-standard","hentry","category-sem-categoria","tag-ameaca","tag-apresentar","tag-categoria","tag-governo","tag-pauta","tag-receita-federal","tag-reivindicacao","tag-sindifisco","tag-valorizar"],"_links":{"self":[{"href":"https:\/\/blogs.correiobraziliense.com.br\/servidor\/wp-json\/wp\/v2\/posts\/913","targetHints":{"allow":["GET"]}}],"collection":[{"href":"https:\/\/blogs.correiobraziliense.com.br\/servidor\/wp-json\/wp\/v2\/posts"}],"about":[{"href":"https:\/\/blogs.correiobraziliense.com.br\/servidor\/wp-json\/wp\/v2\/types\/post"}],"author":[{"embeddable":true,"href":"https:\/\/blogs.correiobraziliense.com.br\/servidor\/wp-json\/wp\/v2\/users\/27"}],"replies":[{"embeddable":true,"href":"https:\/\/blogs.correiobraziliense.com.br\/servidor\/wp-json\/wp\/v2\/comments?post=913"}],"version-history":[{"count":1,"href":"https:\/\/blogs.correiobraziliense.com.br\/servidor\/wp-json\/wp\/v2\/posts\/913\/revisions"}],"predecessor-version":[{"id":914,"href":"https:\/\/blogs.correiobraziliense.com.br\/servidor\/wp-json\/wp\/v2\/posts\/913\/revisions\/914"}],"wp:attachment":[{"href":"https:\/\/blogs.correiobraziliense.com.br\/servidor\/wp-json\/wp\/v2\/media?parent=913"}],"wp:term":[{"taxonomy":"category","embeddable":true,"href":"https:\/\/blogs.correiobraziliense.com.br\/servidor\/wp-json\/wp\/v2\/categories?post=913"},{"taxonomy":"post_tag","embeddable":true,"href":"https:\/\/blogs.correiobraziliense.com.br\/servidor\/wp-json\/wp\/v2\/tags?post=913"}],"curies":[{"name":"wp","href":"https:\/\/api.w.org\/{rel}","templated":true}]}}