{"id":9121,"date":"2018-05-15T12:29:10","date_gmt":"2018-05-15T15:29:10","guid":{"rendered":"https:\/\/blogs.correiobraziliense.com.br\/servidor\/?p=9121"},"modified":"2018-05-15T12:29:10","modified_gmt":"2018-05-15T15:29:10","slug":"previdencia-em-debate","status":"publish","type":"post","link":"https:\/\/blogs.correiobraziliense.com.br\/servidor\/previdencia-em-debate\/","title":{"rendered":"Previd\u00eancia em debate"},"content":{"rendered":"<p><em>Encontro que ir\u00e1 reunir grandes nomes, como o ministro do STJ S\u00e9rgio Lu\u00edz Kukina, j\u00e1 est\u00e1 com inscri\u00e7\u00f5es abertas\u00a0<\/em><\/p>\n<p>INSS Digital, aposentadoria especial, per\u00edodos e provas do tempo rural, honor\u00e1rios advocat\u00edcios e reflexos da reforma trabalhista na \u00e1rea previdenci\u00e1ria est\u00e3o entre os assuntos que ser\u00e3o debatidos no XIV Congresso Brasileiro de Direito Previdenci\u00e1rio. O evento, promovido pelo Instituto Brasileiro de Direito Previdenci\u00e1rio (IBDP), acontece de 18 a 20 de outubro no Wish Serrano Resort &amp; Convention Gramado, em Gramado\/RS.<\/p>\n<p>Neste ano o encontro traz um dia de palestras e dois dias de oficinas de discuss\u00e3o e casos concretos. \u201cAs oficinas possibilitam o debate direto e a troca de ideias dos participantes com os professores, aprofundando assim temas pr\u00e1ticos e pol\u00eamicos em pauta\u201d, explica Adriane Bramante, presidente do IBDP.<\/p>\n<p>Outra novidade desta edi\u00e7\u00e3o ser\u00e1 a confer\u00eancia especial, que coloca em discuss\u00e3o um tema \u00fanico, para serem propostos enunciados sobre o entendimento fixado. Ser\u00e3o quatro palestrantes, um de cada segmento (judici\u00e1rio, AGU e advocacia) que ir\u00e3o debater sobre altera\u00e7\u00f5es da lei de introdu\u00e7\u00e3o \u00e0s normas do direito brasileiro na seara previdenci\u00e1ria.<\/p>\n<p>Entre os participantes do evento est\u00e3o o livre-docente em Direito Previdenci\u00e1rio Wagner Balera; o ministro do STJ, S\u00e9rgio Lu\u00edz Kukina; o desembargador federal, Paulo Afonso Brum Vaz; o auditor-fiscal da Receita Federal do Brasil, Ivan Mascarenhas Kertzman; os ju\u00edzes federais Jos\u00e9 Antonio Savaris, Fabio Souza, Victor Roberto Corr\u00eaa de Souza, Daniel Machado da Rocha, Carlos Wagner Dias Ferreira e Vicente de Paula Ata\u00edde Junior e os advogados F\u00e1bio Zambitte, Melissa Folmann, Alexandre Schumacher Triches, Tha\u00eds Maria Riedel de Resende Zuba e Jane Lucia Wilhelm Berwanger.<\/p>\n<p>As inscri\u00e7\u00f5es para o evento e a programa\u00e7\u00e3o completa est\u00e3o no site http:\/\/www.ibdp.org.br\/hotsite\/index.html . O primeiro lote promocional vai at\u00e9 dia 31 de maio.<\/p>\n<p>O qu\u00ea: XIV Congresso Brasileiro de Direito Previdenci\u00e1rio<br \/>\nQuando: de 18 a 20 de outubro de 2018<br \/>\nOnde: Wish Serrano Resort &amp; Convention Gramado (Av. das Hort\u00eansias, 1480 \u2013 Gramado\/RS).<br \/>\nInforma\u00e7\u00f5es: e-mail eventos@ibdp.org.br \/ telefone: (41) 3045 \u2013 8351<br \/>\nPrograma\u00e7\u00e3o: http:\/\/www.ibdp.org.br\/evento.php?e=452<\/p>\n","protected":false},"excerpt":{"rendered":"<p>Encontro que ir\u00e1 reunir grandes nomes, como o ministro do STJ S\u00e9rgio Lu\u00edz Kukina, j\u00e1 est\u00e1 com inscri\u00e7\u00f5es abertas\u00a0 INSS Digital, aposentadoria especial, per\u00edodos e provas do tempo rural, honor\u00e1rios advocat\u00edcios e reflexos da reforma trabalhista na \u00e1rea previdenci\u00e1ria est\u00e3o entre os assuntos que ser\u00e3o debatidos no XIV Congresso Brasileiro de Direito Previdenci\u00e1rio. O evento, promovido pelo Instituto Brasileiro de [&hellip;]<\/p>\n","protected":false},"author":27,"featured_media":0,"comment_status":"open","ping_status":"closed","sticky":false,"template":"","format":"standard","meta":{"footnotes":""},"categories":[2719],"tags":[1321,100,847,116,3641,2663,781,102,928,12406,549,3010],"class_list":["post-9121","post","type-post","status-publish","format-standard","hentry","category-servidor","tag-alteracoes","tag-congresso","tag-debate","tag-direito","tag-discussao","tag-ibdp","tag-inscricoes","tag-lei","tag-normas","tag-oficinas","tag-previdencia","tag-previdenciario"],"_links":{"self":[{"href":"https:\/\/blogs.correiobraziliense.com.br\/servidor\/wp-json\/wp\/v2\/posts\/9121","targetHints":{"allow":["GET"]}}],"collection":[{"href":"https:\/\/blogs.correiobraziliense.com.br\/servidor\/wp-json\/wp\/v2\/posts"}],"about":[{"href":"https:\/\/blogs.correiobraziliense.com.br\/servidor\/wp-json\/wp\/v2\/types\/post"}],"author":[{"embeddable":true,"href":"https:\/\/blogs.correiobraziliense.com.br\/servidor\/wp-json\/wp\/v2\/users\/27"}],"replies":[{"embeddable":true,"href":"https:\/\/blogs.correiobraziliense.com.br\/servidor\/wp-json\/wp\/v2\/comments?post=9121"}],"version-history":[{"count":1,"href":"https:\/\/blogs.correiobraziliense.com.br\/servidor\/wp-json\/wp\/v2\/posts\/9121\/revisions"}],"predecessor-version":[{"id":9122,"href":"https:\/\/blogs.correiobraziliense.com.br\/servidor\/wp-json\/wp\/v2\/posts\/9121\/revisions\/9122"}],"wp:attachment":[{"href":"https:\/\/blogs.correiobraziliense.com.br\/servidor\/wp-json\/wp\/v2\/media?parent=9121"}],"wp:term":[{"taxonomy":"category","embeddable":true,"href":"https:\/\/blogs.correiobraziliense.com.br\/servidor\/wp-json\/wp\/v2\/categories?post=9121"},{"taxonomy":"post_tag","embeddable":true,"href":"https:\/\/blogs.correiobraziliense.com.br\/servidor\/wp-json\/wp\/v2\/tags?post=9121"}],"curies":[{"name":"wp","href":"https:\/\/api.w.org\/{rel}","templated":true}]}}