{"id":9115,"date":"2018-05-15T11:57:06","date_gmt":"2018-05-15T14:57:06","guid":{"rendered":"https:\/\/blogs.correiobraziliense.com.br\/servidor\/?p=9115"},"modified":"2018-05-15T11:59:02","modified_gmt":"2018-05-15T14:59:02","slug":"ministerio-do-trabalho-modernizacao-trabalhista","status":"publish","type":"post","link":"https:\/\/blogs.correiobraziliense.com.br\/servidor\/ministerio-do-trabalho-modernizacao-trabalhista\/","title":{"rendered":"Minist\u00e9rio do Trabalho &#8211; Moderniza\u00e7\u00e3o trabalhista"},"content":{"rendered":"<p><em>Por meio de nota, o Minist\u00e9rio do Trabalho informou que as novas regras da reforma trabalhista (Lei 13.467\/2017) valem para todos os contratos, inclusive os que estavam em vig\u00eancia antes da lei, e dever\u00e3o ser obedecidas em todo o pa\u00eds. O entendimento \u00e9 da consultoria jur\u00eddica do minist\u00e9rio, publicado hoje no Di\u00e1rio Oficial da Uni\u00e3o (DOU). &#8220;A aprova\u00e7\u00e3o pelo ministro gera\u00a0efeito vinculante para a administra\u00e7\u00e3o no \u00e2mbito do Minist\u00e9rio do Trabalho, e\u00a0traz seguran\u00e7a jur\u00eddica, sobretudo na atua\u00e7\u00e3o fiscalizat\u00f3ria dos servidores da pasta, que dever\u00e3o obrigatoriamente\u00a0segui-lo&#8221;, destaca o comunicado<\/em><\/p>\n<p>Veja a nota na \u00edntegra:<\/p>\n<ol>\n<li>A\u00a0Moderniza\u00e7\u00e3o Trabalhista \u00e9 aplic\u00e1vel de forma geral, abrangente e imediata a todos os contratos de trabalho regidos pela Consolida\u00e7\u00e3o das Leis do Trabalho (CLT), inclusive \u00e0queles iniciados antes da vig\u00eancia da\u00a0Lei n\u00ba 13.467\/2017.<\/li>\n<\/ol>\n<p>&nbsp;<\/p>\n<ol>\n<li>Este \u00e9 o entendimento do\u00a0Parecer n\u00ba 00248\/2018, emitido pela Consultoria Jur\u00eddica junto ao Minist\u00e9rio, aprovado pelo ministro do Trabalho e\u00a0publicado na edi\u00e7\u00e3o desta ter\u00e7a-feira (15) do Di\u00e1rio Oficial da Uni\u00e3o.<\/li>\n<\/ol>\n<p>&nbsp;<\/p>\n<ol>\n<li>A aprova\u00e7\u00e3o pelo ministro gera\u00a0efeito vinculante para a Administra\u00e7\u00e3o no \u00e2mbito do Minist\u00e9rio do Trabalho, e\u00a0traz seguran\u00e7a jur\u00eddica, sobretudo na atua\u00e7\u00e3o fiscalizat\u00f3ria dos servidores desta Pasta, que dever\u00e3o obrigatoriamente\u00a0segui-lo.<\/li>\n<\/ol>\n<p>&nbsp;<\/p>\n<ol>\n<li>O Parecer, elaborado pela unidade da Advocacia Geral da Uni\u00e3o (AGU), conclui que a perda de efic\u00e1cia, em 23 de abril de 2017,\u00a0da Medida Provis\u00f3ria (MP) n\u00ba 808\/2017 n\u00e3o modifica o fato jur\u00eddico\u00a0de que a Moderniza\u00e7\u00e3o Trabalhista \u00e9 aplic\u00e1vel a todos os contratos de trabalho regidos pela CLT, inclusive\u00a0\u00e0queles iniciados antes da vig\u00eancia da nova Lei, e que continuaram em vigor ap\u00f3s 11 de novembro de 2017.2<\/li>\n<\/ol>\n<p><a href=\"https:\/\/blogs.correiobraziliense.com.br\/servidor\/wp-content\/uploads\/sites\/10\/2018\/05\/DESPACHO-de-14-de-maio-de-2018-Dia\u0301rio-Oficial-da-Unia\u0303o-Imprensa-Nacional1.pdf\" rel=\"\">DESPACHO de 14 de maio de 2018 &#8211; Dia\u0301rio Oficial da Unia\u0303o &#8211; Imprensa Nacional<\/a><\/p>\n","protected":false},"excerpt":{"rendered":"<p>Por meio de nota, o Minist\u00e9rio do Trabalho informou que as novas regras da reforma trabalhista (Lei 13.467\/2017) valem para todos os contratos, inclusive os que estavam em vig\u00eancia antes da lei, e dever\u00e3o ser obedecidas em todo o pa\u00eds. O entendimento \u00e9 da consultoria jur\u00eddica do minist\u00e9rio, publicado hoje no Di\u00e1rio Oficial da Uni\u00e3o (DOU). &#8220;A aprova\u00e7\u00e3o pelo ministro [&hellip;]<\/p>\n","protected":false},"author":27,"featured_media":0,"comment_status":"open","ping_status":"closed","sticky":false,"template":"","format":"standard","meta":{"footnotes":""},"categories":[2719],"tags":[12404,250,1769,6792,9158,2841,4946,9253,751,58,12405],"class_list":["post-9115","post","type-post","status-publish","format-standard","hentry","category-servidor","tag-consultoria-juridica","tag-contratos","tag-dou","tag-fiscalizatoria","tag-lei-13-4672017","tag-ministerio-do-trabalho","tag-modernizacao","tag-reforma-trabalhista","tag-regras","tag-servidores","tag-vinculante"],"_links":{"self":[{"href":"https:\/\/blogs.correiobraziliense.com.br\/servidor\/wp-json\/wp\/v2\/posts\/9115","targetHints":{"allow":["GET"]}}],"collection":[{"href":"https:\/\/blogs.correiobraziliense.com.br\/servidor\/wp-json\/wp\/v2\/posts"}],"about":[{"href":"https:\/\/blogs.correiobraziliense.com.br\/servidor\/wp-json\/wp\/v2\/types\/post"}],"author":[{"embeddable":true,"href":"https:\/\/blogs.correiobraziliense.com.br\/servidor\/wp-json\/wp\/v2\/users\/27"}],"replies":[{"embeddable":true,"href":"https:\/\/blogs.correiobraziliense.com.br\/servidor\/wp-json\/wp\/v2\/comments?post=9115"}],"version-history":[{"count":3,"href":"https:\/\/blogs.correiobraziliense.com.br\/servidor\/wp-json\/wp\/v2\/posts\/9115\/revisions"}],"predecessor-version":[{"id":9120,"href":"https:\/\/blogs.correiobraziliense.com.br\/servidor\/wp-json\/wp\/v2\/posts\/9115\/revisions\/9120"}],"wp:attachment":[{"href":"https:\/\/blogs.correiobraziliense.com.br\/servidor\/wp-json\/wp\/v2\/media?parent=9115"}],"wp:term":[{"taxonomy":"category","embeddable":true,"href":"https:\/\/blogs.correiobraziliense.com.br\/servidor\/wp-json\/wp\/v2\/categories?post=9115"},{"taxonomy":"post_tag","embeddable":true,"href":"https:\/\/blogs.correiobraziliense.com.br\/servidor\/wp-json\/wp\/v2\/tags?post=9115"}],"curies":[{"name":"wp","href":"https:\/\/api.w.org\/{rel}","templated":true}]}}