{"id":9111,"date":"2018-05-14T17:33:34","date_gmt":"2018-05-14T20:33:34","guid":{"rendered":"https:\/\/blogs.correiobraziliense.com.br\/servidor\/?p=9111"},"modified":"2018-05-14T17:33:34","modified_gmt":"2018-05-14T20:33:34","slug":"subcomissao-especial-da-camara-dos-deputados-atualizara-estatuto-do-idoso-que-completa-15-anos-em-2018","status":"publish","type":"post","link":"https:\/\/blogs.correiobraziliense.com.br\/servidor\/subcomissao-especial-da-camara-dos-deputados-atualizara-estatuto-do-idoso-que-completa-15-anos-em-2018\/","title":{"rendered":"Subcomiss\u00e3o especial da C\u00e2mara dos Deputados atualizar\u00e1 Estatuto do Idoso, que completa 15 anos em 2018"},"content":{"rendered":"<p><em>A C\u00e2mara dos Deputados instalar\u00e1 amanh\u00e3 (15), \u00e0s 16h30, no Plen\u00e1rio 12, uma <a href=\"http:\/\/www2.camara.leg.br\/atividade-legislativa\/comissoes\/comissoes-permanentes\/comissao-de-defesa-dos-direitos-da-pessoa-idosa-cidoso\/conheca-a-comissao\/subcomissoes\/submissao-especial-para-reformular-e-atualizar-o-estatuto-do-idoso-lei-10-741-de-1o-de-outubro-de-2003-e-a-politica-nacional-do-idoso\"> subcomiss\u00e3o especial<\/a> para reformular o Estatuto do Idoso e a Pol\u00edtica Nacional da Pessoa Idosa. A subcomiss\u00e3o\u00a0far\u00e1 um levantamento das proposi\u00e7\u00f5es que alteram o Estatuto, a fim de agrup\u00e1-las por \u00e1rea tem\u00e1tica e identificar as que podem contribuir para o aperfei\u00e7oamento da legisla\u00e7\u00e3o.<\/em><\/p>\n<p>Al\u00e9m disso, a Comiss\u00e3o de Defesa dos Direitos da Pessoa Idosa \u2013 \u00e0 qual a subcomiss\u00e3o estar\u00e1 subordinada \u2013 ir\u00e1 elaborar um projeto para incluir na lei um cap\u00edtulo especialmente destinado aos cuidados com os idosos. A Lei 10.741, que deu origem ao Estatuto, foi promulgada em 1\u00ba de outubro de 2003.<\/p>\n<p>O evento \u00e9 parte de uma s\u00e9rie de atividades que a C\u00e2mara realizar\u00e1 ao longo de 2018, institu\u00eddo Ano de Valoriza\u00e7\u00e3o e Defesa dos Direitos Humanos da Pessoa Idosa pela <a href=\"http:\/\/www.planalto.gov.br\/ccivil_03\/_ato2015-2018\/2018\/lei\/L13631.htm\"> Lei\u00a013646\/2018<\/a>. As a\u00e7\u00f5es, que ser\u00e3o realizadas por meio da Comiss\u00e3o de Defesa dos Direitos da Pessoa Idosa, visam chamar a aten\u00e7\u00e3o da sociedade civil e do poder p\u00fablico para o papel a ser exercido pelo Estado, pela fam\u00edlia e pelos indiv\u00edduos na promo\u00e7\u00e3o dos direitos da pessoa idosa no Brasil.<\/p>\n<p>Mais informa\u00e7\u00f5es no site <a href=\"http:\/\/www.ano60mais.com.br\">www.ano60mais.com.br<\/a>.<\/p>\n","protected":false},"excerpt":{"rendered":"<p>A C\u00e2mara dos Deputados instalar\u00e1 amanh\u00e3 (15), \u00e0s 16h30, no Plen\u00e1rio 12, uma subcomiss\u00e3o especial para reformular o Estatuto do Idoso e a Pol\u00edtica Nacional da Pessoa Idosa. A subcomiss\u00e3o\u00a0far\u00e1 um levantamento das proposi\u00e7\u00f5es que alteram o Estatuto, a fim de agrup\u00e1-las por \u00e1rea tem\u00e1tica e identificar as que podem contribuir para o aperfei\u00e7oamento da legisla\u00e7\u00e3o. Al\u00e9m disso, a Comiss\u00e3o [&hellip;]<\/p>\n","protected":false},"author":27,"featured_media":0,"comment_status":"open","ping_status":"closed","sticky":false,"template":"","format":"standard","meta":{"footnotes":""},"categories":[2719],"tags":[4435,61,5209,1202,56,12396,1242,448,12395],"class_list":["post-9111","post","type-post","status-publish","format-standard","hentry","category-servidor","tag-aperfeicoamento","tag-camara","tag-direitos-humanos","tag-especial","tag-estado","tag-estatudo-do-idoso","tag-familia","tag-pessoa","tag-subcomissao"],"_links":{"self":[{"href":"https:\/\/blogs.correiobraziliense.com.br\/servidor\/wp-json\/wp\/v2\/posts\/9111","targetHints":{"allow":["GET"]}}],"collection":[{"href":"https:\/\/blogs.correiobraziliense.com.br\/servidor\/wp-json\/wp\/v2\/posts"}],"about":[{"href":"https:\/\/blogs.correiobraziliense.com.br\/servidor\/wp-json\/wp\/v2\/types\/post"}],"author":[{"embeddable":true,"href":"https:\/\/blogs.correiobraziliense.com.br\/servidor\/wp-json\/wp\/v2\/users\/27"}],"replies":[{"embeddable":true,"href":"https:\/\/blogs.correiobraziliense.com.br\/servidor\/wp-json\/wp\/v2\/comments?post=9111"}],"version-history":[{"count":1,"href":"https:\/\/blogs.correiobraziliense.com.br\/servidor\/wp-json\/wp\/v2\/posts\/9111\/revisions"}],"predecessor-version":[{"id":9112,"href":"https:\/\/blogs.correiobraziliense.com.br\/servidor\/wp-json\/wp\/v2\/posts\/9111\/revisions\/9112"}],"wp:attachment":[{"href":"https:\/\/blogs.correiobraziliense.com.br\/servidor\/wp-json\/wp\/v2\/media?parent=9111"}],"wp:term":[{"taxonomy":"category","embeddable":true,"href":"https:\/\/blogs.correiobraziliense.com.br\/servidor\/wp-json\/wp\/v2\/categories?post=9111"},{"taxonomy":"post_tag","embeddable":true,"href":"https:\/\/blogs.correiobraziliense.com.br\/servidor\/wp-json\/wp\/v2\/tags?post=9111"}],"curies":[{"name":"wp","href":"https:\/\/api.w.org\/{rel}","templated":true}]}}