{"id":9099,"date":"2018-05-14T14:23:13","date_gmt":"2018-05-14T17:23:13","guid":{"rendered":"https:\/\/blogs.correiobraziliense.com.br\/servidor\/?p=9099"},"modified":"2018-05-14T14:23:13","modified_gmt":"2018-05-14T17:23:13","slug":"adpf-nota-de-falecimento-delegado-federal-mauro-sergio-sales-abdo","status":"publish","type":"post","link":"https:\/\/blogs.correiobraziliense.com.br\/servidor\/adpf-nota-de-falecimento-delegado-federal-mauro-sergio-sales-abdo\/","title":{"rendered":"ADPF &#8211; Nota de falecimento \u2013 Delegado federal Mauro S\u00e9rgio Sales Abdo"},"content":{"rendered":"<p><em>Associa\u00e7\u00e3o Nacional dos Delegados de Pol\u00edcia Federal &#8220;ADPF) lamenta a\u00a0do delegado Mauro S\u00e9rgio Sales Abdo, assassinado nesta manh\u00e3.\u00a0Em menos de dez dias este \u00e9 o segundo registro de morte de delegados federais<\/em><\/p>\n<p>Veja a nota:<\/p>\n<p>&#8220;\u00c9 com muito pesar que a Associa\u00e7\u00e3o Nacional dos Delegados de Pol\u00edcia Federal (ADPF) lamenta a morte do delegado Mauro S\u00e9rgio Sales Abdo, assassinado na manh\u00e3 desta segunda-feira (14), em S\u00e3o Paulo\/SP, quando dois criminosos invadiram a resid\u00eancia onde morava para praticar um roubo.<\/p>\n<p>Em menos de dez dias este \u00e9 o segundo registro de morte de delegados federais. A trag\u00e9dia se repete em circunst\u00e2ncias similares \u00e0s que vitimaram o delegado David Arag\u00e3o, no Maranh\u00e3o. Ambos foram assassinados, dentro de casa, por bandidos que deveriam estar presos.<\/p>\n<p>Isso s\u00f3 aumenta a dor e o inconformismo de familiares, amigos e colegas, diante da premissa de que eram mortes evit\u00e1veis, n\u00e3o fosse o Brasil um pa\u00eds extremamente permissivo na legisla\u00e7\u00e3o penal, processual e de execu\u00e7\u00e3o da pena.<\/p>\n<p>A ADPF empregar\u00e1 todos os esfor\u00e7os para que essa realidade seja modificada.<\/p>\n<p>O delegado Mauro S\u00e9rgio Abdo era policial federal h\u00e1 mais de 30 anos e trabalhava atualmente na Delegacia de Repress\u00e3o aos Crimes Previdenci\u00e1rios, em S\u00e3o Paulo\/SP. Ele deixa esposa e uma filha.<\/p>\n<p>Associa\u00e7\u00e3o Nacional dos Delegados de Pol\u00edcia Federal &#8211; ADPF&#8221;<\/p>\n","protected":false},"excerpt":{"rendered":"<p>Associa\u00e7\u00e3o Nacional dos Delegados de Pol\u00edcia Federal &#8220;ADPF) lamenta a\u00a0do delegado Mauro S\u00e9rgio Sales Abdo, assassinado nesta manh\u00e3.\u00a0Em menos de dez dias este \u00e9 o segundo registro de morte de delegados federais Veja a nota: &#8220;\u00c9 com muito pesar que a Associa\u00e7\u00e3o Nacional dos Delegados de Pol\u00edcia Federal (ADPF) lamenta a morte do delegado Mauro S\u00e9rgio Sales Abdo, assassinado na [&hellip;]<\/p>\n","protected":false},"author":27,"featured_media":0,"comment_status":"open","ping_status":"closed","sticky":false,"template":"","format":"standard","meta":{"footnotes":""},"categories":[2719],"tags":[348,7404,12387,2314,6355,12386,6714,4875,2092,5039,37,2625,5712,5150,11373],"class_list":["post-9099","post","type-post","status-publish","format-standard","hentry","category-servidor","tag-adpf","tag-amigos","tag-assassinado","tag-colegas","tag-criminosos","tag-delegado-federal","tag-falecimento","tag-familiares","tag-legislacao","tag-mortes","tag-nota","tag-registro","tag-residencia","tag-roubo","tag-tragedia"],"_links":{"self":[{"href":"https:\/\/blogs.correiobraziliense.com.br\/servidor\/wp-json\/wp\/v2\/posts\/9099","targetHints":{"allow":["GET"]}}],"collection":[{"href":"https:\/\/blogs.correiobraziliense.com.br\/servidor\/wp-json\/wp\/v2\/posts"}],"about":[{"href":"https:\/\/blogs.correiobraziliense.com.br\/servidor\/wp-json\/wp\/v2\/types\/post"}],"author":[{"embeddable":true,"href":"https:\/\/blogs.correiobraziliense.com.br\/servidor\/wp-json\/wp\/v2\/users\/27"}],"replies":[{"embeddable":true,"href":"https:\/\/blogs.correiobraziliense.com.br\/servidor\/wp-json\/wp\/v2\/comments?post=9099"}],"version-history":[{"count":1,"href":"https:\/\/blogs.correiobraziliense.com.br\/servidor\/wp-json\/wp\/v2\/posts\/9099\/revisions"}],"predecessor-version":[{"id":9100,"href":"https:\/\/blogs.correiobraziliense.com.br\/servidor\/wp-json\/wp\/v2\/posts\/9099\/revisions\/9100"}],"wp:attachment":[{"href":"https:\/\/blogs.correiobraziliense.com.br\/servidor\/wp-json\/wp\/v2\/media?parent=9099"}],"wp:term":[{"taxonomy":"category","embeddable":true,"href":"https:\/\/blogs.correiobraziliense.com.br\/servidor\/wp-json\/wp\/v2\/categories?post=9099"},{"taxonomy":"post_tag","embeddable":true,"href":"https:\/\/blogs.correiobraziliense.com.br\/servidor\/wp-json\/wp\/v2\/tags?post=9099"}],"curies":[{"name":"wp","href":"https:\/\/api.w.org\/{rel}","templated":true}]}}