{"id":9087,"date":"2018-05-11T19:30:33","date_gmt":"2018-05-11T22:30:33","guid":{"rendered":"https:\/\/blogs.correiobraziliense.com.br\/servidor\/?p=9087"},"modified":"2018-05-11T21:45:46","modified_gmt":"2018-05-12T00:45:46","slug":"republica-da-paraiba-anasps-denuncia-mais-irregularidades-na-geap","status":"publish","type":"post","link":"https:\/\/blogs.correiobraziliense.com.br\/servidor\/republica-da-paraiba-anasps-denuncia-mais-irregularidades-na-geap\/","title":{"rendered":"Rep\u00fablica da Para\u00edba &#8211; Anasps denuncia mais irregularidades na Geap"},"content":{"rendered":"<p><em>Por meio de nota, a Associa\u00e7\u00e3o Nacional dos Servidores P\u00fablicos da Previd\u00eancia e da Seguridade Social (Anasps), por meio de nota, denuncia diversas irregularidade dentro da Geap, maior operadora de planos de sa\u00fade do funcionalismo. Uma das \u00faltimas articula\u00e7\u00f5es foi, de acordo com a entidade, foi a contrata\u00e7\u00e3o do diretor executivo Oswaldo Luiz Estuque Garcia Camargo, ad referendum, sem aprova\u00e7\u00e3o do conselho<\/em><\/p>\n<p>O documento informa ainda que presidente interino Manoel Messias Novais o indicado \u00e9 totalmente desconhecido, sem\u00a0 expertise de mercado.<\/p>\n<p>De acordo com a Geap, o novo diretor-executivo, o paulista Oswaldo Luiz Estuque Garcia de Camargo, \u00e9 graduado em administra\u00e7\u00e3o de empresas pela PUC-SP, com especializa\u00e7\u00f5es em Finan\u00e7as pela FEA-USP, e em Gest\u00e3o de Equipes e Pessoas pelo Insper\/SP.\u00a0 Ele tem 47 anos. H\u00e1 25, atua nas \u00e1reas de Opera\u00e7\u00f5es, Neg\u00f3cios, Relacionamento, Administrativo Financeiro e Integra\u00e7\u00e3o de Empresas, com vasta experi\u00eancia na condu\u00e7\u00e3o da presta\u00e7\u00e3o de servi\u00e7os nos ramos de Sa\u00fade e Odontologia.<\/p>\n<p>&#8220;A nomea\u00e7\u00e3o do novo diretor-executivo \u00e9 amparada pelo artigo 12, inciso XXIX do Regimento Interno do Conselho de Administra\u00e7\u00e3o (Conad) da Geap. O artigo permite ao presidente do \u00f3rg\u00e3o decidir sobre qualquer mat\u00e9ria de urg\u00eancia, ad referendum do plen\u00e1rio. Por essa raz\u00e3o, qualquer decis\u00e3o do presidente, que diga respeito a tema de urg\u00eancia, \u00e9 regular e j\u00e1 nasce plena e com efic\u00e1cia. Isso inclui as decis\u00f5es que se referem, por exemplo, ao afastamento ou \u00e0 contrata\u00e7\u00e3o de diretor-executivo. Essas decis\u00f5es s\u00e3o refor\u00e7adas de total legitimidade, tendo decorrido com amparo legal, estatut\u00e1rio e regimental&#8221;, destacou a nota da Geap.<\/p>\n<p>Veja o documento de posse e a nota da Anasps na \u00edntegra e em seguida, a r\u00e9plica da Geap:<\/p>\n<p><img loading=\"lazy\" decoding=\"async\" class=\"size-large wp-image-9088 alignleft\" src=\"https:\/\/blogs.correiobraziliense.com.br\/servidor\/wp-content\/uploads\/sites\/10\/2018\/05\/WhatsApp-Image-2018-05-11-at-16.08.59-576x1024.jpeg\" alt=\"WhatsApp Image 2018-05-11 at 16.08.59\" width=\"576\" height=\"1024\" srcset=\"https:\/\/blogs.correiobraziliense.com.br\/servidor\/wp-content\/uploads\/sites\/10\/2018\/05\/WhatsApp-Image-2018-05-11-at-16.08.59-576x1024.jpeg 576w, https:\/\/blogs.correiobraziliense.com.br\/servidor\/wp-content\/uploads\/sites\/10\/2018\/05\/WhatsApp-Image-2018-05-11-at-16.08.59-169x300.jpeg 169w, https:\/\/blogs.correiobraziliense.com.br\/servidor\/wp-content\/uploads\/sites\/10\/2018\/05\/WhatsApp-Image-2018-05-11-at-16.08.59-197x350.jpeg 197w, https:\/\/blogs.correiobraziliense.com.br\/servidor\/wp-content\/uploads\/sites\/10\/2018\/05\/WhatsApp-Image-2018-05-11-at-16.08.59-550x977.jpeg 550w, https:\/\/blogs.correiobraziliense.com.br\/servidor\/wp-content\/uploads\/sites\/10\/2018\/05\/WhatsApp-Image-2018-05-11-at-16.08.59-230x409.jpeg 230w, https:\/\/blogs.correiobraziliense.com.br\/servidor\/wp-content\/uploads\/sites\/10\/2018\/05\/WhatsApp-Image-2018-05-11-at-16.08.59.jpeg 608w\" sizes=\"auto, (max-width: 576px) 100vw, 576px\" \/><\/p>\n<p>&#8220;Rep\u00fablica da Para\u00edba<\/p>\n<p>A Geap, plano de sa\u00fade dos servidores p\u00fablicos, est\u00e1 ferida de morte<\/p>\n<p>Instalou-se dentro da Geap, atrav\u00e9s do Partido Progressista (comandado pelo deputado Agnaldo, l\u00edder do governo e at\u00e9 onde fomos informados sob a lideran\u00e7a e articula\u00e7\u00e3o, do Paulinho, chefe de gabinete do Minist\u00e9rio da Sa\u00fade), para coloca\u00e7\u00e3o em cargos de confian\u00e7a, um grupo como uma Diretoria de Administra\u00e7\u00e3o com mais de 10 cargos com remunera\u00e7\u00e3o acima de R$ 18 mil, al\u00e9m do diretor-executivo com sal\u00e1rio de R$ 45 mil.<br \/>\nAl\u00e9m da nomea\u00e7\u00e3o de membros do conselho indicados do governo em n\u00famero de 3 e com direito a voto de qualidade ou Minerva. Com a primeira carta an\u00f4nima de den\u00fancias, demitiram os 3 membros do Conad. Na segunda carta, demitiram v\u00e1rios diretores e pagaram valores milion\u00e1rios de indeniza\u00e7\u00e3o, acima de R$ 1 milh\u00e3o. Com a desculpa de estabilidade, na terceira carta, demitiram o diretor geral, na quarta carta, o presidente do conselho, o mesmo pediu afastamento por estar sob suspeita.<\/p>\n<p>Assumiu interinamente o sr. Messias tamb\u00e9m indicado desse grupo e nomeou ad referendum o novo diretor-executivo e mais cinco diretores. Cerca de 30 dias depois, todos foram demitidos sem terem apurado nenhuma den\u00fancia e, ainda, nomeou uma funcion\u00e1ria exemplar da casa interinamente.<\/p>\n<p>No entanto o presidente interino resolveu convocar ontem uma reuni\u00e3o dos seis membros do conselho para a pr\u00f3xima semana, onde ach\u00e1vamos que seria nomeada definitivamente a funcion\u00e1ria interina.<\/p>\n<p>Para a nossa surpresa, o grupo da rep\u00fablica da Para\u00edba se reuniu ontem e segundo informa\u00e7\u00f5es internas, Paulinho tamb\u00e9m voltou de viagem ontem, com um novo nome: Oswaldo Luiz Estuque Garcia de Camargo (advogado, empres\u00e1rio; empresa Leveraggio Solu\u00e7\u00f5es Empresariais, e nosso Messias &#8211; presidente interino &#8211; nomeou hoje ad referendum, do pleno do conselho, para ocupar o cargo de Diretor Executivo da Geap).<\/p>\n<p>A pergunta que n\u00e3o quer calar: como vamos resolver a d\u00edvida de R$ 300 mi com ANS; como vamos resolver as multas milion\u00e1rias de empresas contratadas, como vamos resolver as demiss\u00f5es milion\u00e1rias, como vamos resolver as evas\u00f5es? \u00c9ramos mais de 700 mil assistidos e agora 480 mil, em queda livre. Como ficam os empregados da casa; como fica a credibilidade da Geap junto a hospitais, m\u00e9dicos, cl\u00ednicas enfim os prestadores de servi\u00e7os.<\/p>\n<p>E a ANS, o que diz de tudo isso se tem uma fiscaliza\u00e7\u00e3o dela em andamento l\u00e1 dentro?<\/p>\n<p>M\u00e1 Estrela &#8211; em grego, significa desastre e por defini\u00e7\u00e3o desastre s\u00f3 acontece quando afeta pessoas. O Desastre da Geap afeta milh\u00f5es de pessoas.<\/p>\n<p>Diretoria-Executiva<br \/>\nAnasps&#8221;<\/p>\n<p>Por meio de nota, a Geap, informou que<\/p>\n<div dir=\"auto\">O novo diretor-executivo, o paulista Oswaldo Luiz Estuque Garcia de Camargo, \u00e9 graduado em administra\u00e7\u00e3o de empresas pela PUC-SP, com especializa\u00e7\u00f5es em Finan\u00e7as pela FEA-USP, e em Gest\u00e3o de Equipes e Pessoas pelo Insper\/SP.\n<\/div>\n<div dir=\"auto\">Ele tem 47 anos. H\u00e1 25, atua nas \u00e1reas de Opera\u00e7\u00f5es, Neg\u00f3cios, Relacionamento, Administrativo Financeiro e Integra\u00e7\u00e3o de Empresas, com vasta experi\u00eancia na condu\u00e7\u00e3o da presta\u00e7\u00e3o de servi\u00e7os nos ramos de Sa\u00fade e Odontologia.\n<\/div>\n<div dir=\"auto\">O executivo atuou na Gest\u00e3o de Unidade Operacional com dedica\u00e7\u00e3o exclusiva para a Caixa Seguradora, que possui mais de 580 mil benefici\u00e1rios, nas \u00e1reas de sa\u00fade e odontologia. Tamb\u00e9m possui experi\u00eancia em Regula\u00e7\u00e3o, Auditoria M\u00e9dica e Processamento de Contas.\n<\/div>\n<div dir=\"auto\">O novo diretor-executivo \u00e9 especializado em Planejamento Estrat\u00e9gico de m\u00e9dio e longo prazo, com monitoramento para redu\u00e7\u00e3o de custos, otimiza\u00e7\u00e3o de rotinas de trabalho e cria\u00e7\u00e3o de indicadores de acompanhamento.\n<\/div>\n<div dir=\"auto\">Oswaldo Camargo trabalhou, durante 10 anos, como gestor administrativo e financeiro na empresa IHH &#8211; Integrated Health Holdings\/CRC Connectmed Consultoria e Administra\u00e7\u00e3o em Sa\u00fade Ltda. Tamb\u00e9m exerceu cargos de gest\u00e3o e diretoria em outras empresas de destaque no mercado brasileiro.\n<\/div>\n<div dir=\"auto\">&#8220;A nomea\u00e7\u00e3o do novo diretor-executivo \u00e9 amparada pelo artigo 12, inciso XXIX do Regimento Interno do Conselho de Administra\u00e7\u00e3o (Conad) da Geap. O artigo permite ao presidente do \u00f3rg\u00e3o decidir sobre qualquer mat\u00e9ria de urg\u00eancia, ad referendum do plen\u00e1rio. Por essa raz\u00e3o, qualquer decis\u00e3o do presidente, que diga respeito a tema de urg\u00eancia, \u00e9 regular e j\u00e1 nasce plena e com efic\u00e1cia. Isso inclui as decis\u00f5es que se referem, por exemplo, ao afastamento ou \u00e0 contrata\u00e7\u00e3o de diretor-executivo. Essas decis\u00f5es s\u00e3o refor\u00e7adas de total legitimidade, tendo decorrido com amparo legal, estatut\u00e1rio e regimental&#8221;, destacou a nota.\n<\/div>\n<div dir=\"auto\">O documento reitera, ainda, que cabe ao presidente do Conad uma atua\u00e7\u00e3o eficaz quanto \u00e0 manuten\u00e7\u00e3o das atividades da operadora. Desta forma, est\u00e3o mantidos, acima de tudo, o compromisso com a sa\u00fade e a qualidade de vida de cada benefici\u00e1rio, al\u00e9m da\u00a0 garantia da qualidade dos servi\u00e7os de assist\u00eancia, oferecidos por prestadores presentes em todo o Brasil.\n<\/div>\n<div dir=\"auto\">&#8220;Com mais de 72 anos de atua\u00e7\u00e3o, a Geap reafirma sua solidez, seu equil\u00edbrio econ\u00f4mico e financeiro, conquistado a partir de mudan\u00e7as estrat\u00e9gicas, implementadas ao longo dos \u00faltimos anos. Os resultados s\u00e3o percebidos na melhora cont\u00ednua dos servi\u00e7os prestados.\n<\/div>\n<div dir=\"auto\">Reconhecida como uma das maiores Operadoras em autogest\u00e3o do pa\u00eds, a Geap se alegra e se orgulha em acolher e cuidar de milhares de pessoas. Essa confian\u00e7a, depositada pelas fam\u00edlias brasileiras, motiva a empresa a continuar um trabalho, que se tornou refer\u00eancia no cuidado \u00e0 sa\u00fade de servidores p\u00fablicos&#8221;, destacou.<\/p>\n<div class=\"yj6qo\"><\/div>\n<div class=\"adL\"><\/div>\n<\/div>\n","protected":false},"excerpt":{"rendered":"<p>Por meio de nota, a Associa\u00e7\u00e3o Nacional dos Servidores P\u00fablicos da Previd\u00eancia e da Seguridade Social (Anasps), por meio de nota, denuncia diversas irregularidade dentro da Geap, maior operadora de planos de sa\u00fade do funcionalismo. Uma das \u00faltimas articula\u00e7\u00f5es foi, de acordo com a entidade, foi a contrata\u00e7\u00e3o do diretor executivo Oswaldo Luiz Estuque Garcia Camargo, ad referendum, sem aprova\u00e7\u00e3o [&hellip;]<\/p>\n","protected":false},"author":27,"featured_media":0,"comment_status":"open","ping_status":"closed","sticky":false,"template":"","format":"standard","meta":{"footnotes":""},"categories":[2719],"tags":[12374,7332,982,1497,791,3172,2029,172,134,12233,1247,1164,2290,353,489,2242,1053,953,6923,81,12373,616],"class_list":["post-9087","post","type-post","status-publish","format-standard","hentry","category-servidor","tag-ad-referendum","tag-anaspas","tag-ans","tag-aprovacao","tag-cargos","tag-confianca","tag-conselho","tag-contratacao","tag-denuncia","tag-diretor-executivo","tag-dividas","tag-funcionalismo","tag-interino","tag-irregularidades","tag-mercado","tag-ministerio-da-saude","tag-operadora","tag-planos","tag-pp","tag-presidente","tag-republica-da-paraiba-geap","tag-saude"],"_links":{"self":[{"href":"https:\/\/blogs.correiobraziliense.com.br\/servidor\/wp-json\/wp\/v2\/posts\/9087","targetHints":{"allow":["GET"]}}],"collection":[{"href":"https:\/\/blogs.correiobraziliense.com.br\/servidor\/wp-json\/wp\/v2\/posts"}],"about":[{"href":"https:\/\/blogs.correiobraziliense.com.br\/servidor\/wp-json\/wp\/v2\/types\/post"}],"author":[{"embeddable":true,"href":"https:\/\/blogs.correiobraziliense.com.br\/servidor\/wp-json\/wp\/v2\/users\/27"}],"replies":[{"embeddable":true,"href":"https:\/\/blogs.correiobraziliense.com.br\/servidor\/wp-json\/wp\/v2\/comments?post=9087"}],"version-history":[{"count":4,"href":"https:\/\/blogs.correiobraziliense.com.br\/servidor\/wp-json\/wp\/v2\/posts\/9087\/revisions"}],"predecessor-version":[{"id":9092,"href":"https:\/\/blogs.correiobraziliense.com.br\/servidor\/wp-json\/wp\/v2\/posts\/9087\/revisions\/9092"}],"wp:attachment":[{"href":"https:\/\/blogs.correiobraziliense.com.br\/servidor\/wp-json\/wp\/v2\/media?parent=9087"}],"wp:term":[{"taxonomy":"category","embeddable":true,"href":"https:\/\/blogs.correiobraziliense.com.br\/servidor\/wp-json\/wp\/v2\/categories?post=9087"},{"taxonomy":"post_tag","embeddable":true,"href":"https:\/\/blogs.correiobraziliense.com.br\/servidor\/wp-json\/wp\/v2\/tags?post=9087"}],"curies":[{"name":"wp","href":"https:\/\/api.w.org\/{rel}","templated":true}]}}