{"id":9083,"date":"2018-05-11T18:24:49","date_gmt":"2018-05-11T21:24:49","guid":{"rendered":"https:\/\/blogs.correiobraziliense.com.br\/servidor\/?p=9083"},"modified":"2018-05-11T18:24:49","modified_gmt":"2018-05-11T21:24:49","slug":"protesto-na-terca-feira-cobrara-do-governo-veto-venda-da-embraer","status":"publish","type":"post","link":"https:\/\/blogs.correiobraziliense.com.br\/servidor\/protesto-na-terca-feira-cobrara-do-governo-veto-venda-da-embraer\/","title":{"rendered":"Protesto na ter\u00e7a-feira cobrar\u00e1 do governo veto \u00e0 venda da Embraer"},"content":{"rendered":"<p><em>Um protesto nesta ter\u00e7a-feira (15), \u00e0s 16h, em frente ao Pa\u00e7o Municipal de S\u00e3o Jos\u00e9 dos Campos, vai cobrar uma resposta do poder p\u00fablico local e estadual contra a venda da Embraer para a Boeing, transa\u00e7\u00e3o que amea\u00e7a milhares de empregos e o futuro da companhia no pa\u00eds. O protesto est\u00e1 sendo organizado pelos sindicatos dos metal\u00fargicos de S\u00e3o Jos\u00e9 dos Campos, Botucatu e Araraquara, que est\u00e3o \u00e0 frente da campanha \u201cA Embraer \u00e9 nossa. N\u00e3o \u00e0 venda da Embraer para a Boeing\u201d<\/em><\/p>\n<p>Em fevereiro, o Sindicato de S\u00e3o Jos\u00e9 enviou cartas \u00e0 Prefeitura e ao governo do Estado pedindo reuni\u00f5es para discutir o tema, mas n\u00e3o teve qualquer resposta. Na C\u00e2mara Municipal, os vereadores tamb\u00e9m se recusaram a realizar uma audi\u00eancia p\u00fablica para debater o tema com a sociedade.<\/p>\n<p>Na vis\u00e3o das entidades sindicais, a compra da Embraer pela a Boeing, se concretizada, pode levar a companhia brasileira a ser reduzida a uma mera fabricante de componentes aeron\u00e1uticos. Isso fatalmente reduziria a import\u00e2ncia da empresa, que \u00e9 uma pot\u00eancia na ind\u00fastria aeron\u00e1utica brasileira e est\u00e1 entre as maiores do mundo.<\/p>\n<p>Esta transforma\u00e7\u00e3o trar\u00e1 impactos negativos para a cidade e o Estado, com aumento do desemprego, da arrecada\u00e7\u00e3o de impostos e da atividade industrial.<\/p>\n<p>Na ter\u00e7a-feira (8), o Minist\u00e9rio P\u00fablico do Trabalho notificou Embraer e Boeing, cobrando que a negocia\u00e7\u00e3o comercial entre as empresas contenha \u201csalvaguardas trabalhistas\u201d, com o objetivo de preservar os postos de trabalho no Brasil, onde a fabricante conta com 16 mil empregados.<\/p>\n<p>O protesto desta ter\u00e7a-feira tamb\u00e9m est\u00e1 sendo convocado por federa\u00e7\u00f5es e confedera\u00e7\u00f5es de metal\u00fargicos, como a FEM\/CUT (Federa\u00e7\u00e3o dos Sindicatos Metal\u00fargicos do Estado de S\u00e3o Paulo), FITMetal (Federa\u00e7\u00e3o Interestadual de Metal\u00fargicos e Metal\u00fargicas do Brasil\/CTB) e CNTM (Confedera\u00e7\u00e3o Nacional dos Trabalhadores Metal\u00fargicos\/For\u00e7a Sindical).<\/p>\n<p>\u201c\u00c9 urgente que a Prefeitura de S\u00e3o Jos\u00e9 dos Campos e o governo do Estado rompam o sil\u00eancio e cobrem o governo de Michel Temer a usar seu poder de veto para impedir a venda da Embraer. A empresa tem papel fundamental na economia do pa\u00eds e o poder p\u00fablico n\u00e3o pode simplesmente ficar calado diante da possibilidade da Embraer deixar o Brasil\u201d, afirma o vice-presidente do Sindicato, Herbert Claros.<\/p>\n<p>&nbsp;<\/p>\n","protected":false},"excerpt":{"rendered":"<p>Um protesto nesta ter\u00e7a-feira (15), \u00e0s 16h, em frente ao Pa\u00e7o Municipal de S\u00e3o Jos\u00e9 dos Campos, vai cobrar uma resposta do poder p\u00fablico local e estadual contra a venda da Embraer para a Boeing, transa\u00e7\u00e3o que amea\u00e7a milhares de empregos e o futuro da companhia no pa\u00eds. O protesto est\u00e1 sendo organizado pelos sindicatos dos metal\u00fargicos de S\u00e3o Jos\u00e9 [&hellip;]<\/p>\n","protected":false},"author":27,"featured_media":0,"comment_status":"open","ping_status":"closed","sticky":false,"template":"","format":"standard","meta":{"footnotes":""},"categories":[2719],"tags":[12365,327,946,3454,12363,12364,12362,568,8659,2293,195,2603,98,2770,5815,128,9213,718,351,149,2787],"class_list":["post-9083","post","type-post","status-publish","format-standard","hentry","category-servidor","tag-aeronauticos","tag-ameaca","tag-arrecadacao","tag-atividade","tag-boeing","tag-camara-municipal","tag-cobrara","tag-companhia","tag-componentes","tag-desemprego","tag-embraer","tag-empregos","tag-governo","tag-impostos","tag-industrial","tag-metalurgicos","tag-prefeitura","tag-protesto","tag-sociedade","tag-venda","tag-veto"],"_links":{"self":[{"href":"https:\/\/blogs.correiobraziliense.com.br\/servidor\/wp-json\/wp\/v2\/posts\/9083","targetHints":{"allow":["GET"]}}],"collection":[{"href":"https:\/\/blogs.correiobraziliense.com.br\/servidor\/wp-json\/wp\/v2\/posts"}],"about":[{"href":"https:\/\/blogs.correiobraziliense.com.br\/servidor\/wp-json\/wp\/v2\/types\/post"}],"author":[{"embeddable":true,"href":"https:\/\/blogs.correiobraziliense.com.br\/servidor\/wp-json\/wp\/v2\/users\/27"}],"replies":[{"embeddable":true,"href":"https:\/\/blogs.correiobraziliense.com.br\/servidor\/wp-json\/wp\/v2\/comments?post=9083"}],"version-history":[{"count":1,"href":"https:\/\/blogs.correiobraziliense.com.br\/servidor\/wp-json\/wp\/v2\/posts\/9083\/revisions"}],"predecessor-version":[{"id":9084,"href":"https:\/\/blogs.correiobraziliense.com.br\/servidor\/wp-json\/wp\/v2\/posts\/9083\/revisions\/9084"}],"wp:attachment":[{"href":"https:\/\/blogs.correiobraziliense.com.br\/servidor\/wp-json\/wp\/v2\/media?parent=9083"}],"wp:term":[{"taxonomy":"category","embeddable":true,"href":"https:\/\/blogs.correiobraziliense.com.br\/servidor\/wp-json\/wp\/v2\/categories?post=9083"},{"taxonomy":"post_tag","embeddable":true,"href":"https:\/\/blogs.correiobraziliense.com.br\/servidor\/wp-json\/wp\/v2\/tags?post=9083"}],"curies":[{"name":"wp","href":"https:\/\/api.w.org\/{rel}","templated":true}]}}