{"id":9072,"date":"2018-05-10T13:07:53","date_gmt":"2018-05-10T16:07:53","guid":{"rendered":"https:\/\/blogs.correiobraziliense.com.br\/servidor\/?p=9072"},"modified":"2018-05-10T13:07:53","modified_gmt":"2018-05-10T16:07:53","slug":"previc-politica-de-governanca-unifica-acoes-de-controles-internos-e-gestao-de-riscos","status":"publish","type":"post","link":"https:\/\/blogs.correiobraziliense.com.br\/servidor\/previc-politica-de-governanca-unifica-acoes-de-controles-internos-e-gestao-de-riscos\/","title":{"rendered":"Previc &#8211; Pol\u00edtica de Governan\u00e7a unifica a\u00e7\u00f5es de controles internos e gest\u00e3o de riscos"},"content":{"rendered":"<p>A Superintend\u00eancia Nacional de Previd\u00eancia Complementar (Previc) publicou a\u00a0<strong><a href=\"http:\/\/www.previc.gov.br\/regulacao\/normas\/portarias\/2018\/portaria-no-376-de-3-de-maio-de-2018.pdf\/view\">Portaria n\u00ba 376\/2018\u00a0<\/a><\/strong>que define a Pol\u00edtica de Governan\u00e7a da Autarquia, com a cria\u00e7\u00e3o do Comit\u00ea de Governan\u00e7a e do Programa de Integridade<\/p>\n<p>O Comit\u00ea de Governan\u00e7a, de acordo com a autarquia, busca a harmoniza\u00e7\u00e3o da atua\u00e7\u00e3o da Ouvidoria, Corregedoria, Auditoria e Comit\u00ea de \u00c9tica da Previc, no sentido de unificar as a\u00e7\u00f5es de controles internos, gest\u00e3o de riscos e governan\u00e7a. Ser\u00e1 respons\u00e1vel pela implementa\u00e7\u00e3o de processos, estruturas e mecanismos adequados \u00e0 incorpora\u00e7\u00e3o dos princ\u00edpios e das diretrizes da governan\u00e7a, previstos no Decreto n\u00ba 9.203 de 22 de novembro de 2017, e pela ado\u00e7\u00e3o de instrumentos para o aprimoramento do processo decis\u00f3rio, do programa de integridade, da pol\u00edtica de gest\u00e3o de riscos, da transpar\u00eancia e do controle interno, dentre outras compet\u00eancias.<\/p>\n<p>O Programa de Integridade contempla as medidas institucionais voltadas para a preven\u00e7\u00e3o, detec\u00e7\u00e3o, puni\u00e7\u00e3o e remedia\u00e7\u00e3o de fraudes e atos de corrup\u00e7\u00e3o, em apoio a boa governan\u00e7a.<\/p>\n","protected":false},"excerpt":{"rendered":"<p>A Superintend\u00eancia Nacional de Previd\u00eancia Complementar (Previc) publicou a\u00a0Portaria n\u00ba 376\/2018\u00a0que define a Pol\u00edtica de Governan\u00e7a da Autarquia, com a cria\u00e7\u00e3o do Comit\u00ea de Governan\u00e7a e do Programa de Integridade O Comit\u00ea de Governan\u00e7a, de acordo com a autarquia, busca a harmoniza\u00e7\u00e3o da atua\u00e7\u00e3o da Ouvidoria, Corregedoria, Auditoria e Comit\u00ea de \u00c9tica da Previc, no sentido de unificar as a\u00e7\u00f5es [&hellip;]<\/p>\n","protected":false},"author":27,"featured_media":0,"comment_status":"open","ping_status":"closed","sticky":false,"template":"","format":"standard","meta":{"footnotes":""},"categories":[2719],"tags":[203,3658,315,566,3659,1415,4978,2399],"class_list":["post-9072","post","type-post","status-publish","format-standard","hentry","category-servidor","tag-acoes","tag-controles","tag-gestao","tag-governanca","tag-internos","tag-politica","tag-previc","tag-riscos"],"_links":{"self":[{"href":"https:\/\/blogs.correiobraziliense.com.br\/servidor\/wp-json\/wp\/v2\/posts\/9072","targetHints":{"allow":["GET"]}}],"collection":[{"href":"https:\/\/blogs.correiobraziliense.com.br\/servidor\/wp-json\/wp\/v2\/posts"}],"about":[{"href":"https:\/\/blogs.correiobraziliense.com.br\/servidor\/wp-json\/wp\/v2\/types\/post"}],"author":[{"embeddable":true,"href":"https:\/\/blogs.correiobraziliense.com.br\/servidor\/wp-json\/wp\/v2\/users\/27"}],"replies":[{"embeddable":true,"href":"https:\/\/blogs.correiobraziliense.com.br\/servidor\/wp-json\/wp\/v2\/comments?post=9072"}],"version-history":[{"count":1,"href":"https:\/\/blogs.correiobraziliense.com.br\/servidor\/wp-json\/wp\/v2\/posts\/9072\/revisions"}],"predecessor-version":[{"id":9073,"href":"https:\/\/blogs.correiobraziliense.com.br\/servidor\/wp-json\/wp\/v2\/posts\/9072\/revisions\/9073"}],"wp:attachment":[{"href":"https:\/\/blogs.correiobraziliense.com.br\/servidor\/wp-json\/wp\/v2\/media?parent=9072"}],"wp:term":[{"taxonomy":"category","embeddable":true,"href":"https:\/\/blogs.correiobraziliense.com.br\/servidor\/wp-json\/wp\/v2\/categories?post=9072"},{"taxonomy":"post_tag","embeddable":true,"href":"https:\/\/blogs.correiobraziliense.com.br\/servidor\/wp-json\/wp\/v2\/tags?post=9072"}],"curies":[{"name":"wp","href":"https:\/\/api.w.org\/{rel}","templated":true}]}}