{"id":9070,"date":"2018-05-10T12:48:16","date_gmt":"2018-05-10T15:48:16","guid":{"rendered":"https:\/\/blogs.correiobraziliense.com.br\/servidor\/?p=9070"},"modified":"2018-05-10T12:48:16","modified_gmt":"2018-05-10T15:48:16","slug":"m-m-d-c-o-movimento-que-fez-historia-em-1932","status":"publish","type":"post","link":"https:\/\/blogs.correiobraziliense.com.br\/servidor\/m-m-d-c-o-movimento-que-fez-historia-em-1932\/","title":{"rendered":"M.M.D.C. &#8211; o movimento que fez hist\u00f3ria em 1932"},"content":{"rendered":"<p><em>O livro &#8220;1932 S\u00e3o Paulo em Chamas&#8221;, de Luiz Octavio de Lima, pela Editora Planeta, fala sobre a Revolu\u00e7\u00e3o constitucionalista de 1932, que movimentou muitas classes sociais pela derrubada do governo provis\u00f3rio e ditatorial de Get\u00falio Vargas. E, ap\u00f3s, as primeira mortes do dia <span id=\"OBJ_PREFIX_DWT1107_com_zimbra_date\"><span id=\"OBJ_PREFIX_DWT1117_com_zimbra_date\">23 de maio<\/span><\/span>, de quatro jovens, as armas foram empunhadas pela resist\u00eancia<\/em><\/p>\n<div>\n<div>\n<p>Era o momento de todos os contrariados reagruparem-se e considerar a\u00e7\u00f5es mais radicais. Fizeram reuni\u00f5es para discutir pontos gerais da nova atua\u00e7\u00e3o e, 4 militantes \u2013 o advogado e pol\u00edtico Paulo Nogueira Filho, o jornalista J\u00falio de Mesquita Filho, o militar e pol\u00edtico Ataliba Leonel e o advogado Ces\u00e1rio Coimbra \u2013 encontraram-se com 21 lideran\u00e7a e, ap\u00f3s r\u00e1pida delibera\u00e7\u00e3o, fundaram uma organiza\u00e7\u00e3o secreta inicialmente batizada de Guarda Paulista.<\/p>\n<p>\u201cA Guarda Paulista ser\u00e1 a elite, ser\u00e1 o pobre, o empregado das f\u00e1bricas, o desempregado, o estudante, o professor, a esposa, o filho!\u201d, discursou exaltado Nogueira Filho. \u201c\u00c9 o anseio dos homens pelo povo e pela lei!\u201d<\/p>\n<p>Com a morte do garoto Dr\u00e1usio, dias depois, o grupo discutiu a mudan\u00e7a do nome da sociedade secreta, de forma a homenagear as v\u00edtimas do <span id=\"OBJ_PREFIX_DWT1108_com_zimbra_date\"><span id=\"OBJ_PREFIX_DWT1118_com_zimbra_date\">23 de Maio<\/span><\/span>, nomeando o Movimento de M.M.D.C. Rapidamente recrutaram volunt\u00e1rios, e em pouco tempo j\u00e1 treinavam cerca de 5 mil homens para combater.<\/p>\n<p>Armas e muni\u00e7\u00f5es foram distribu\u00eddas aos adeptos da causa e a produ\u00e7\u00e3o de uniformes e outros materiais foi acelerada. S\u00f3 aguardavam o chamado por meio de uma senha secreta.<\/p>\n<p>Entre carroceiros, metal\u00fargicos, advogados, propriet\u00e1rios, comerciantes, pedrei\u00adros, alfaiates, barbeiros, professores, m\u00e9dicos, banc\u00e1rios e at\u00e9 aposentados, o c\u00e9lebre Victor Brecheret interrompeu o projeto<span id=\"OBJ_PREFIX_DWT1119_com_zimbra_date\"> de dez<\/span> anos \u2013 o Monumento \u00e0s Bandeiras, <span id=\"OBJ_PREFIX_DWT1109_com_zimbra_date\"><span id=\"OBJ_PREFIX_DWT1120_com_zimbra_date\">hoje<\/span><\/span> um marco na paisagem da capital \u2013 para se juntar \u00e0s fileiras da luta constitucionalista.<\/p>\n<p>M.M.D.C. se tornou o movimento que abrigava os verdadeiros m\u00e1rtires da Revolu\u00e7\u00e3o Constitucionalista de 1932, e junto a muitos despontou a batalha de <span id=\"OBJ_PREFIX_DWT1110_com_zimbra_date\"><span id=\"OBJ_PREFIX_DWT1121_com_zimbra_date\">9 de julho<\/span><\/span> daquele ano. Um marco da revolu\u00e7\u00e3o.<\/p>\n<\/div>\n<\/div>\n<p>&nbsp;<\/p>\n","protected":false},"excerpt":{"rendered":"<p>O livro &#8220;1932 S\u00e3o Paulo em Chamas&#8221;, de Luiz Octavio de Lima, pela Editora Planeta, fala sobre a Revolu\u00e7\u00e3o constitucionalista de 1932, que movimentou muitas classes sociais pela derrubada do governo provis\u00f3rio e ditatorial de Get\u00falio Vargas. E, ap\u00f3s, as primeira mortes do dia 23 de maio, de quatro jovens, as armas foram empunhadas pela resist\u00eancia Era o momento de [&hellip;]<\/p>\n","protected":false},"author":27,"featured_media":0,"comment_status":"open","ping_status":"closed","sticky":false,"template":"","format":"standard","meta":{"footnotes":""},"categories":[2719],"tags":[12350,4799,1436,8098,4198,12352,12351,98,1079,12349,5039,3070,1043,11566,707],"class_list":["post-9070","post","type-post","status-publish","format-standard","hentry","category-servidor","tag-1932-sao-paulo-em-chamas","tag-armas","tag-classes","tag-constitucionalista","tag-derrubada","tag-ditatorial","tag-editora-planeta","tag-governo","tag-livro","tag-m-m-d-c-o-movimento-que-fez-historia-em-1931","tag-mortes","tag-provisorio","tag-resistencia","tag-revolucao","tag-sociais"],"_links":{"self":[{"href":"https:\/\/blogs.correiobraziliense.com.br\/servidor\/wp-json\/wp\/v2\/posts\/9070","targetHints":{"allow":["GET"]}}],"collection":[{"href":"https:\/\/blogs.correiobraziliense.com.br\/servidor\/wp-json\/wp\/v2\/posts"}],"about":[{"href":"https:\/\/blogs.correiobraziliense.com.br\/servidor\/wp-json\/wp\/v2\/types\/post"}],"author":[{"embeddable":true,"href":"https:\/\/blogs.correiobraziliense.com.br\/servidor\/wp-json\/wp\/v2\/users\/27"}],"replies":[{"embeddable":true,"href":"https:\/\/blogs.correiobraziliense.com.br\/servidor\/wp-json\/wp\/v2\/comments?post=9070"}],"version-history":[{"count":1,"href":"https:\/\/blogs.correiobraziliense.com.br\/servidor\/wp-json\/wp\/v2\/posts\/9070\/revisions"}],"predecessor-version":[{"id":9071,"href":"https:\/\/blogs.correiobraziliense.com.br\/servidor\/wp-json\/wp\/v2\/posts\/9070\/revisions\/9071"}],"wp:attachment":[{"href":"https:\/\/blogs.correiobraziliense.com.br\/servidor\/wp-json\/wp\/v2\/media?parent=9070"}],"wp:term":[{"taxonomy":"category","embeddable":true,"href":"https:\/\/blogs.correiobraziliense.com.br\/servidor\/wp-json\/wp\/v2\/categories?post=9070"},{"taxonomy":"post_tag","embeddable":true,"href":"https:\/\/blogs.correiobraziliense.com.br\/servidor\/wp-json\/wp\/v2\/tags?post=9070"}],"curies":[{"name":"wp","href":"https:\/\/api.w.org\/{rel}","templated":true}]}}