{"id":907,"date":"2016-02-02T20:49:17","date_gmt":"2016-02-02T22:49:17","guid":{"rendered":"https:\/\/blogs.correiobraziliense.com.br\/servidor\/?p=907"},"modified":"2016-02-02T20:53:16","modified_gmt":"2016-02-02T22:53:16","slug":"aeroviarios-vao-paralisar-aeroporto-de-congonhas-amanha","status":"publish","type":"post","link":"https:\/\/blogs.correiobraziliense.com.br\/servidor\/aeroviarios-vao-paralisar-aeroporto-de-congonhas-amanha\/","title":{"rendered":"AERONAUTAS E AEROVI\u00c1RIOS PARALISADOS AMANH\u00c3"},"content":{"rendered":"<p>Amanh\u00e3 (dia 3 de fevereiro), \u00e0s 5 horas da manh\u00e3, os aerovi\u00e1rios v\u00e3o paralisar suas atividades no Aeroporto\u00a0 de Congonhas em protesto contra a atitude dos patr\u00f5es de n\u00e3o negociar acordo da Conven\u00e7\u00e3o Coletiva com a categoria, que tem data-base em 1\u00ba de dezembro.<\/p>\n<p>O ponto de encontro ser\u00e1 na sede do Sindicato dos Aerovi\u00e1rios de S\u00e3o Paulo, na Avenida Washington Lu\u00eds. 6.979.<\/p>\n<p>&nbsp;<\/p>\n<p><span style=\"font-family: Calibri\">J\u00e1 o\u00a0<\/span><span style=\"font-family: Calibri\">Sindicato Nacional dos Aeronautas informa que pilotos e comiss\u00e1rios de voo v\u00e3o paralisar parcialmente as atividade, das 6h \u00e0s 8h da manh\u00e3.<\/span><\/p>\n<p>&nbsp;<\/p>\n<div>A greve ser\u00e1 realizada nos aeroportos de Congonhas, Guarulhos, Santos Dumont, Gale\u00e3o, Viracopos, Porto Alegre, Florian\u00f3polis, Curitiba, Bras\u00edlia, Salvador, Recife e Fortaleza.A categoria reivindica unicamente reajuste salarial que contemple a reposi\u00e7\u00e3o da infla\u00e7\u00e3o no per\u00edodo de 1\u00ba de dezembro de 2014 a 1\u00ba de dezembro de 2015, ou seja, 11% de reajuste retroativo \u00e0 data-base de 1\u00ba de dezembro de 2015.A \u00faltima proposta das empresas a\u00e9reas, negada pela assembleia, oferecia reajustes parcelados (3% em fevereiro de 2016, 2% em junho e 6% em novembro). Ou seja, os reajustes n\u00e3o seriam retroativos e s\u00f3 seriam finalizados j\u00e1 \u00e0s v\u00e9speras do vencimento de mais uma data-base, deixando a categoria sem reposi\u00e7\u00e3o da infla\u00e7\u00e3o.<\/p>\n<\/div>\n","protected":false},"excerpt":{"rendered":"<p>Amanh\u00e3 (dia 3 de fevereiro), \u00e0s 5 horas da manh\u00e3, os aerovi\u00e1rios v\u00e3o paralisar suas atividades no Aeroporto\u00a0 de Congonhas em protesto contra a atitude dos patr\u00f5es de n\u00e3o negociar acordo da Conven\u00e7\u00e3o Coletiva com a categoria, que tem data-base em 1\u00ba de dezembro. O ponto de encontro ser\u00e1 na sede do Sindicato dos Aerovi\u00e1rios de S\u00e3o Paulo, na Avenida [&hellip;]<\/p>\n","protected":false},"author":27,"featured_media":0,"comment_status":"open","ping_status":"closed","sticky":false,"template":"","format":"standard","meta":{"footnotes":""},"categories":[1],"tags":[112,387,675,388,677,305,680,676,679,462,678,18],"class_list":["post-907","post","type-post","status-publish","format-standard","hentry","category-sem-categoria","tag-acordo","tag-aeronautas","tag-aeroporto","tag-aeroviarios","tag-amanha","tag-campanha","tag-coletiva","tag-congonhas","tag-convencao","tag-paralisar","tag-patroes","tag-salarial"],"_links":{"self":[{"href":"https:\/\/blogs.correiobraziliense.com.br\/servidor\/wp-json\/wp\/v2\/posts\/907","targetHints":{"allow":["GET"]}}],"collection":[{"href":"https:\/\/blogs.correiobraziliense.com.br\/servidor\/wp-json\/wp\/v2\/posts"}],"about":[{"href":"https:\/\/blogs.correiobraziliense.com.br\/servidor\/wp-json\/wp\/v2\/types\/post"}],"author":[{"embeddable":true,"href":"https:\/\/blogs.correiobraziliense.com.br\/servidor\/wp-json\/wp\/v2\/users\/27"}],"replies":[{"embeddable":true,"href":"https:\/\/blogs.correiobraziliense.com.br\/servidor\/wp-json\/wp\/v2\/comments?post=907"}],"version-history":[{"count":5,"href":"https:\/\/blogs.correiobraziliense.com.br\/servidor\/wp-json\/wp\/v2\/posts\/907\/revisions"}],"predecessor-version":[{"id":912,"href":"https:\/\/blogs.correiobraziliense.com.br\/servidor\/wp-json\/wp\/v2\/posts\/907\/revisions\/912"}],"wp:attachment":[{"href":"https:\/\/blogs.correiobraziliense.com.br\/servidor\/wp-json\/wp\/v2\/media?parent=907"}],"wp:term":[{"taxonomy":"category","embeddable":true,"href":"https:\/\/blogs.correiobraziliense.com.br\/servidor\/wp-json\/wp\/v2\/categories?post=907"},{"taxonomy":"post_tag","embeddable":true,"href":"https:\/\/blogs.correiobraziliense.com.br\/servidor\/wp-json\/wp\/v2\/tags?post=907"}],"curies":[{"name":"wp","href":"https:\/\/api.w.org\/{rel}","templated":true}]}}