{"id":9068,"date":"2018-05-10T11:49:36","date_gmt":"2018-05-10T14:49:36","guid":{"rendered":"https:\/\/blogs.correiobraziliense.com.br\/servidor\/?p=9068"},"modified":"2018-05-10T11:49:36","modified_gmt":"2018-05-10T14:49:36","slug":"presidente-da-cobap-ameaca-dirigentes-segundo-denuncias","status":"publish","type":"post","link":"https:\/\/blogs.correiobraziliense.com.br\/servidor\/presidente-da-cobap-ameaca-dirigentes-segundo-denuncias\/","title":{"rendered":"Presidente da Cobap amea\u00e7a dirigentes, segundo den\u00fancias"},"content":{"rendered":"<p><em>Por meio de comunicado aos associados, o presidente da Federa\u00e7\u00e3o dos Aposentados de Bras\u00edlia (FAP\/DF), Jo\u00e3o Pimenta, denuncia que Warley Gon\u00e7alles, presidente da Confedera\u00e7\u00e3o Brasileira de Aposentados e pensionistas (Cobap), atacou e amea\u00e7ou de expulsar a FAP\/DF, apenas porque foi solicitado esclarecimento sobre o cancelamento repentino das viagens de mais de 200 pessoas, em cima da hora, para o Congresso Mundial de Aposentados na It\u00e1lia<\/em><\/p>\n<p>Os preju\u00edzos s\u00e3o incalcul\u00e1veis, assinala Pimenta. O pr\u00f3prio Warley admitiu ontem, em reuni\u00e3o, que \u00e9 em torno de R$ 1,2 milh\u00e3o. As passagens, segundo apurou ontem o <strong><em>Blog do Servidor<\/em><\/strong>, vinham sendo negociadas desde o in\u00edcio de 2017. O assunto foi parar na Justi\u00e7a, porque a empresa contratada, a Super Sonhos, da cidade natal de Warley, pediu rescis\u00e3o do contrato na segunda-feira, alegando que n\u00e3o p\u00f4de honrar o compromisso com os aposentados e seus familiares porque a Cobap n\u00e3o enviou a tempo a rela\u00e7\u00e3o dos nomes.<\/p>\n<p>Veja a nota na \u00edntegra:<\/p>\n<p>&#8220;Prezados,<br \/>\nHoje, 09.05.2018, como \u00e9 de conhecimento de todos, foi realizada uma reuni\u00e3o com os presidentes das federa\u00e7\u00f5es com o objetivo de esclarecer e dar informa\u00e7\u00f5es sobre o cancelamento da Congresso Mundial na It\u00e1lia.<\/p>\n<p>Nessa oportunidade, a Federa\u00e7\u00e3o de Bras\u00edlia foi duramente atacada e amea\u00e7ada pelo presidente da COBAP, Sr. Warley, em raz\u00e3o de um pedido de informa\u00e7\u00f5es (anexo). Na referida reuni\u00e3o, o Sr. Warley disse para todos os presentes que ir\u00e1 fazer uma Assembleia para EXPULSAR a Federa\u00e7\u00e3o de Bras\u00edlia diante do pedido formulado pela Federa\u00e7\u00e3o Brasiliense.<\/p>\n<p>Enquanto se pensava que a gest\u00e3o da COBAP era democr\u00e1tica e transparente, verificou-se o contr\u00e1rio: h\u00e1 uma ditadura da repreens\u00e3o e do medo instalada.<\/p>\n<p>Cumpre destacar que os pontos mencionados no pedido de informa\u00e7\u00e3o ficaram restritos apenas a questionar a metodologia adotada na contrata\u00e7\u00e3o e promo\u00e7\u00e3o do Congresso Mundial na It\u00e1lia, que foram repentinamente cancelados, gerando preju\u00edzos ainda incalcul\u00e1veis mas que, segundo Warley, \u00e9 em torno de R$ 1.200.000,00 (UM MILH\u00c3O E DUZENTOS MIL REAIS), sem contar com os danos morais e materiais dos prejudicados que ingressar\u00e3o na justi\u00e7a.<\/p>\n<p>A presente mensagem tem o objetivo de assegurar o direito de um membro da Confedera\u00e7\u00e3o pedir esclarecimentos e informa\u00e7\u00f5es sobre o cancelamento do Congresso, posto que os representantes e \u00f3rg\u00e3os da Confedera\u00e7\u00e3o s\u00e3o obrigados a seguir estritamente o Estatuto, sendo os pilares do associativismo o direito \u00e0s informa\u00e7\u00f5es, a democracia e a transpar\u00eancia.<\/p>\n<p>O comportamento do Sr. Warley n\u00e3o deve ser chancelado pelos demais associados.<\/p>\n<p>Por fim, destaco que n\u00e3o h\u00e1 qualquer ataque \u00e0 COBAP ou aos seus \u00f3rg\u00e3os (CODEL e CONFIS), mas sim um puro e simples pedido de informa\u00e7\u00f5es sobre o processo de contrata\u00e7\u00e3o, tomada de pre\u00e7os e justificativas para o cancelamento do Congresso Mundial, dos quais, como j\u00e1 apurado, n\u00e3o foi devidamente deliberado, ou seja, n\u00e3o h\u00e1 responsabilidade que possa recair sobre seus membros, mas somente contra quem praticou o ato lesivo.<\/p>\n<p>Questionar a dire\u00e7\u00e3o da entidade e lhe pedir informa\u00e7\u00f5es n\u00e3o fere sua imagem. Ao contr\u00e1rio, demonstra o zelo que cada associado DEVE ter para com o que \u00e9 de todos e o exerc\u00edcio regular do direito estatut\u00e1rio.<\/p>\n<p>Jo\u00e3o Pimenta \u2013 Presidente da Federa\u00e7\u00e3o de Bras\u00edlia&#8221;<\/p>\n","protected":false},"excerpt":{"rendered":"<p>Por meio de comunicado aos associados, o presidente da Federa\u00e7\u00e3o dos Aposentados de Bras\u00edlia (FAP\/DF), Jo\u00e3o Pimenta, denuncia que Warley Gon\u00e7alles, presidente da Confedera\u00e7\u00e3o Brasileira de Aposentados e pensionistas (Cobap), atacou e amea\u00e7ou de expulsar a FAP\/DF, apenas porque foi solicitado esclarecimento sobre o cancelamento repentino das viagens de mais de 200 pessoas, em cima da hora, para o Congresso [&hellip;]<\/p>\n","protected":false},"author":27,"featured_media":0,"comment_status":"open","ping_status":"closed","sticky":false,"template":"","format":"standard","meta":{"footnotes":""},"categories":[2719],"tags":[327,345,12347,12343,881,12348,1576,457,2050,1039,321,12346,315,11391,260,1435,1393,346,1019,1939,913,6984],"class_list":["post-9068","post","type-post","status-publish","format-standard","hentry","category-servidor","tag-ameaca","tag-aposentados","tag-cncelamento","tag-cobap","tag-compromisso","tag-congresso-mundial-aposentados","tag-democratica","tag-denuncias","tag-dirigentes","tag-ditadura","tag-esclarecimentos","tag-expulsar","tag-gestao","tag-italia","tag-justica","tag-nomes","tag-passagens","tag-pensionistas","tag-prejuizo","tag-relacao","tag-transparente","tag-viagem"],"_links":{"self":[{"href":"https:\/\/blogs.correiobraziliense.com.br\/servidor\/wp-json\/wp\/v2\/posts\/9068","targetHints":{"allow":["GET"]}}],"collection":[{"href":"https:\/\/blogs.correiobraziliense.com.br\/servidor\/wp-json\/wp\/v2\/posts"}],"about":[{"href":"https:\/\/blogs.correiobraziliense.com.br\/servidor\/wp-json\/wp\/v2\/types\/post"}],"author":[{"embeddable":true,"href":"https:\/\/blogs.correiobraziliense.com.br\/servidor\/wp-json\/wp\/v2\/users\/27"}],"replies":[{"embeddable":true,"href":"https:\/\/blogs.correiobraziliense.com.br\/servidor\/wp-json\/wp\/v2\/comments?post=9068"}],"version-history":[{"count":1,"href":"https:\/\/blogs.correiobraziliense.com.br\/servidor\/wp-json\/wp\/v2\/posts\/9068\/revisions"}],"predecessor-version":[{"id":9069,"href":"https:\/\/blogs.correiobraziliense.com.br\/servidor\/wp-json\/wp\/v2\/posts\/9068\/revisions\/9069"}],"wp:attachment":[{"href":"https:\/\/blogs.correiobraziliense.com.br\/servidor\/wp-json\/wp\/v2\/media?parent=9068"}],"wp:term":[{"taxonomy":"category","embeddable":true,"href":"https:\/\/blogs.correiobraziliense.com.br\/servidor\/wp-json\/wp\/v2\/categories?post=9068"},{"taxonomy":"post_tag","embeddable":true,"href":"https:\/\/blogs.correiobraziliense.com.br\/servidor\/wp-json\/wp\/v2\/tags?post=9068"}],"curies":[{"name":"wp","href":"https:\/\/api.w.org\/{rel}","templated":true}]}}