{"id":9059,"date":"2018-05-09T14:57:57","date_gmt":"2018-05-09T17:57:57","guid":{"rendered":"https:\/\/blogs.correiobraziliense.com.br\/servidor\/?p=9059"},"modified":"2018-05-09T15:15:03","modified_gmt":"2018-05-09T18:15:03","slug":"mudancas-nas-regras-da-previdencia-entidades-filiadas-ao-fonacate-cobram-ajustes-na-pec-28716","status":"publish","type":"post","link":"https:\/\/blogs.correiobraziliense.com.br\/servidor\/mudancas-nas-regras-da-previdencia-entidades-filiadas-ao-fonacate-cobram-ajustes-na-pec-28716\/","title":{"rendered":"Mudan\u00e7as nas regras da Previd\u00eancia. Entidades filiadas ao Fonacate cobram ajustes ao PLS 395\/2017"},"content":{"rendered":"<p><span class=\"descr\">Rudinei Marques, presidente do\u00a0<span class=\"ntico\"><span id=\"notictext\" class=\"freeco\"> F\u00f3rum das Carreiras de Estado (Fonacate), <\/span><\/span>alertou que \u00e9 preciso evitar a falta de di\u00e1logo que caracterizou a tramita\u00e7\u00e3o da PEC 287\/2016, da reforma da Previd\u00eancia, que levou os servidores federais a trabalhar para a derrubada integral da mat\u00e9ri.\u00a0 <\/span><\/p>\n<p><span class=\"ntico\"><span id=\"notictext\" class=\"freeco\">As entidades que comp\u00f5em o F\u00f3rum das Carreiras de Estado (Fonacate) se reuniram na manh\u00e3 desta quarta-feira (9) com os assessores t\u00e9cnicos dos senadores Garibaldi Alves (MDB\/RN), autor, e Valdir Raupp (MDB\/RO), relator, do Projeto de Lei do Senado (PLS) 395\/2017, que disp\u00f5e sobre a compensa\u00e7\u00e3o financeira entre os Regimes Pr\u00f3prios de Previd\u00eancia dos servidores titulares de cargos efetivos da Uni\u00e3o, dos Estados, do Distrito Federal e dos Munic\u00edpios.<\/span><\/span><\/p>\n<p>Jo\u00e3o Paulo Madruga, assessor de Garibaldi Alves, e Karine Lesch, assessora de Valdir Raupp, debateram propostas para a melhoria do projeto e informaram que j\u00e1 est\u00e1 sendo feito o reexame do texto, como o item relativo \u00e0 al\u00edquota suplementar de at\u00e9 22%, que poder\u00e1 ser alterada em relat\u00f3rio a ser apresentado pelo senador Raupp.<\/p>\n<p>\u201cH\u00e1 pontos positivos no projeto, mas outros com os quais estamos apreensivos. \u00c9 preciso que os senadores abram o di\u00e1logo com os servidores e realizem audi\u00eancias p\u00fablicas para conhecermos tamb\u00e9m a posi\u00e7\u00e3o do governo\u201d, argumentou Rudinei Marques, presidente do Fonacate.<\/p>\n<p>Marques informou que o F\u00f3rum j\u00e1 pautou em sua assembleia da pr\u00f3xima ter\u00e7a-feira (15) o debate sobre o PLS 395\/2017, e apresentar\u00e1 sugest\u00f5es de aprimoramento do projeto.<\/p>\n<p>Jo\u00e3o Paulo e Karine solicitaram, ent\u00e3o, que o Fonacate unifique uma proposta dos servidores p\u00fablicos para ser apresentada aos senadores at\u00e9 ao final do m\u00eas de maio.<\/p>\n<p>Rudinei Marques convidou, ent\u00e3o, os senadores para participarem da assembleia do F\u00f3rum que vai debater o assunto. Alertou, contudo, que \u00e9 preciso evitar a falta de di\u00e1logo que caracterizou a tramita\u00e7\u00e3o da PEC 287\/2016, o que n\u00e3o deixou alternativa aos servidores sen\u00e3o a de trabalhar para a derrubada integral da mat\u00e9ria.<\/p>\n<p>&nbsp;<\/p>\n","protected":false},"excerpt":{"rendered":"<p>Rudinei Marques, presidente do\u00a0 F\u00f3rum das Carreiras de Estado (Fonacate), alertou que \u00e9 preciso evitar a falta de di\u00e1logo que caracterizou a tramita\u00e7\u00e3o da PEC 287\/2016, da reforma da Previd\u00eancia, que levou os servidores federais a trabalhar para a derrubada integral da mat\u00e9ri.\u00a0 As entidades que comp\u00f5em o F\u00f3rum das Carreiras de Estado (Fonacate) se reuniram na manh\u00e3 desta quarta-feira [&hellip;]<\/p>\n","protected":false},"author":27,"featured_media":0,"comment_status":"open","ping_status":"closed","sticky":false,"template":"","format":"standard","meta":{"footnotes":""},"categories":[2719],"tags":[],"class_list":["post-9059","post","type-post","status-publish","format-standard","hentry","category-servidor"],"_links":{"self":[{"href":"https:\/\/blogs.correiobraziliense.com.br\/servidor\/wp-json\/wp\/v2\/posts\/9059","targetHints":{"allow":["GET"]}}],"collection":[{"href":"https:\/\/blogs.correiobraziliense.com.br\/servidor\/wp-json\/wp\/v2\/posts"}],"about":[{"href":"https:\/\/blogs.correiobraziliense.com.br\/servidor\/wp-json\/wp\/v2\/types\/post"}],"author":[{"embeddable":true,"href":"https:\/\/blogs.correiobraziliense.com.br\/servidor\/wp-json\/wp\/v2\/users\/27"}],"replies":[{"embeddable":true,"href":"https:\/\/blogs.correiobraziliense.com.br\/servidor\/wp-json\/wp\/v2\/comments?post=9059"}],"version-history":[{"count":5,"href":"https:\/\/blogs.correiobraziliense.com.br\/servidor\/wp-json\/wp\/v2\/posts\/9059\/revisions"}],"predecessor-version":[{"id":9065,"href":"https:\/\/blogs.correiobraziliense.com.br\/servidor\/wp-json\/wp\/v2\/posts\/9059\/revisions\/9065"}],"wp:attachment":[{"href":"https:\/\/blogs.correiobraziliense.com.br\/servidor\/wp-json\/wp\/v2\/media?parent=9059"}],"wp:term":[{"taxonomy":"category","embeddable":true,"href":"https:\/\/blogs.correiobraziliense.com.br\/servidor\/wp-json\/wp\/v2\/categories?post=9059"},{"taxonomy":"post_tag","embeddable":true,"href":"https:\/\/blogs.correiobraziliense.com.br\/servidor\/wp-json\/wp\/v2\/tags?post=9059"}],"curies":[{"name":"wp","href":"https:\/\/api.w.org\/{rel}","templated":true}]}}