{"id":9057,"date":"2018-05-09T14:01:54","date_gmt":"2018-05-09T17:01:54","guid":{"rendered":"https:\/\/blogs.correiobraziliense.com.br\/servidor\/?p=9057"},"modified":"2018-05-09T14:01:54","modified_gmt":"2018-05-09T17:01:54","slug":"alunos-da-ultima-serie-do-ensino-medio-da-rede-publica-nao-pagarao-inscricao-no-enem","status":"publish","type":"post","link":"https:\/\/blogs.correiobraziliense.com.br\/servidor\/alunos-da-ultima-serie-do-ensino-medio-da-rede-publica-nao-pagarao-inscricao-no-enem\/","title":{"rendered":"Alunos da \u00faltima s\u00e9rie do ensino m\u00e9dio da rede p\u00fablica n\u00e3o pagar\u00e3o inscri\u00e7\u00e3o no Enem"},"content":{"rendered":"<p><em>Os estudantes da \u00faltima s\u00e9rie do ensino m\u00e9dio de escola da rede p\u00fablica que n\u00e3o solicitaram a isen\u00e7\u00e3o de pagamento, em abril, ter\u00e3o a gratuidade autom\u00e1tica ao se inscreverem no Exame Nacional do Ensino M\u00e9dio (Enem) 2018, informou o Minist\u00e9rio da Educa\u00e7\u00e3o (MEC). As come\u00e7am em de <span id=\"OBJ_PREFIX_DWT813_com_zimbra_date\" class=\"Object\">18 de maio<\/span>. As provas ser\u00e3o eme 4 e <span id=\"OBJ_PREFIX_DWT815_com_zimbra_date\" class=\"Object\">11 de novembro<\/span><\/em><\/p>\n<p>Excepcionalmente, em fun\u00e7\u00e3o da mudan\u00e7a no formato, o MEC e o Instituto Nacional de Estudos e Pesquisas Educacionais An\u00edsio Teixeira (Inep), autarquia vinculada \u00e0 pasta, v\u00e3o assegurar a gratuidade a esses concluintes. O per\u00edodo de inscri\u00e7\u00f5es vai at\u00e9 as 23h59 (hor\u00e1rio de Bras\u00edlia) de <span id=\"OBJ_PREFIX_DWT813_com_zimbra_date\" class=\"Object\">18 de maio<\/span>. J\u00e1 o prazo para pagamento da taxa de inscri\u00e7\u00e3o \u00e9 maior, terminando em <span id=\"OBJ_PREFIX_DWT814_com_zimbra_date\" class=\"Object\">23 de maio<\/span>. As provas est\u00e3o marcadas para 4 e <span id=\"OBJ_PREFIX_DWT815_com_zimbra_date\" class=\"Object\">11 de novembro<\/span>.<\/p>\n<p>Para esses participantes, n\u00e3o ser\u00e1 gerada uma Guia de Recolhimento da Uni\u00e3o (GRU). A guia ser\u00e1 paga apenas pelos candidatos que tiveram a solicita\u00e7\u00e3o de isen\u00e7\u00e3o da taxa reprovada pelo Inep, e pelos que n\u00e3o tinham direito \u00e0 isen\u00e7\u00e3o e est\u00e3o acessando o sistema pela primeira vez.<\/p>\n<p><strong>Inscri\u00e7\u00f5es<\/strong><\/p>\n<p>As inscri\u00e7\u00f5es do Enem s\u00e3o feitas exclusivamente pela internet, na P\u00e1gina do Participante, dispon\u00edvel no portal do Inep. Todos os interessados em fazer o exame devem se inscrever, mesmo os que j\u00e1 conseguiram a isen\u00e7\u00e3o.<\/p>\n<p>Os estudantes que est\u00e3o na \u00faltima s\u00e9rie do ensino m\u00e9dio, em escola da rede p\u00fablica, e n\u00e3o solicitaram a isen\u00e7\u00e3o, devem passar pelo processo completo de inscri\u00e7\u00e3o. J\u00e1 os concluintes que fizeram a solicita\u00e7\u00e3o previamente, conforme orientado, far\u00e3o a inscri\u00e7\u00e3o simplificada.<\/p>\n<p>Acesse\u00a0<span id=\"OBJ_PREFIX_DWT816_com_zimbra_url\" class=\"Object\"><a href=\"https:\/\/enem.inep.gov.br\/participante\/#!\/inicial\" target=\"_blank\">aqui\u00a0<\/a><\/span>a P\u00e1gina do Participante.<\/p>\n","protected":false},"excerpt":{"rendered":"<p>Os estudantes da \u00faltima s\u00e9rie do ensino m\u00e9dio de escola da rede p\u00fablica que n\u00e3o solicitaram a isen\u00e7\u00e3o de pagamento, em abril, ter\u00e3o a gratuidade autom\u00e1tica ao se inscreverem no Exame Nacional do Ensino M\u00e9dio (Enem) 2018, informou o Minist\u00e9rio da Educa\u00e7\u00e3o (MEC). As come\u00e7am em de 18 de maio. As provas ser\u00e3o eme 4 e 11 de novembro Excepcionalmente, [&hellip;]<\/p>\n","protected":false},"author":27,"featured_media":0,"comment_status":"open","ping_status":"closed","sticky":false,"template":"","format":"standard","meta":{"footnotes":""},"categories":[2719],"tags":[1442,4057,4159,1296,1163,12335,1291,6125,1586,151,728,1294],"class_list":["post-9057","post","type-post","status-publish","format-standard","hentry","category-servidor","tag-alunos","tag-automatica","tag-enem","tag-ensino","tag-estudantes","tag-gratuidade","tag-inscricao","tag-isencao","tag-medio","tag-pagamento","tag-provas","tag-rede-publica"],"_links":{"self":[{"href":"https:\/\/blogs.correiobraziliense.com.br\/servidor\/wp-json\/wp\/v2\/posts\/9057","targetHints":{"allow":["GET"]}}],"collection":[{"href":"https:\/\/blogs.correiobraziliense.com.br\/servidor\/wp-json\/wp\/v2\/posts"}],"about":[{"href":"https:\/\/blogs.correiobraziliense.com.br\/servidor\/wp-json\/wp\/v2\/types\/post"}],"author":[{"embeddable":true,"href":"https:\/\/blogs.correiobraziliense.com.br\/servidor\/wp-json\/wp\/v2\/users\/27"}],"replies":[{"embeddable":true,"href":"https:\/\/blogs.correiobraziliense.com.br\/servidor\/wp-json\/wp\/v2\/comments?post=9057"}],"version-history":[{"count":1,"href":"https:\/\/blogs.correiobraziliense.com.br\/servidor\/wp-json\/wp\/v2\/posts\/9057\/revisions"}],"predecessor-version":[{"id":9058,"href":"https:\/\/blogs.correiobraziliense.com.br\/servidor\/wp-json\/wp\/v2\/posts\/9057\/revisions\/9058"}],"wp:attachment":[{"href":"https:\/\/blogs.correiobraziliense.com.br\/servidor\/wp-json\/wp\/v2\/media?parent=9057"}],"wp:term":[{"taxonomy":"category","embeddable":true,"href":"https:\/\/blogs.correiobraziliense.com.br\/servidor\/wp-json\/wp\/v2\/categories?post=9057"},{"taxonomy":"post_tag","embeddable":true,"href":"https:\/\/blogs.correiobraziliense.com.br\/servidor\/wp-json\/wp\/v2\/tags?post=9057"}],"curies":[{"name":"wp","href":"https:\/\/api.w.org\/{rel}","templated":true}]}}