{"id":905,"date":"2016-02-02T20:44:18","date_gmt":"2016-02-02T22:44:18","guid":{"rendered":"https:\/\/blogs.correiobraziliense.com.br\/servidor\/?p=905"},"modified":"2016-02-02T20:44:18","modified_gmt":"2016-02-02T22:44:18","slug":"lewandowski-anuncia-mudanca-de-sede-do-cnj","status":"publish","type":"post","link":"https:\/\/blogs.correiobraziliense.com.br\/servidor\/lewandowski-anuncia-mudanca-de-sede-do-cnj\/","title":{"rendered":"LEWANDOWSKI ANUNCIA MUDAN\u00c7A DE SEDE DO CNJ"},"content":{"rendered":"<p>O presidente do Conselho Nacional de Justi\u00e7a (CNJ) e do Supremo Tribunal Federal (STF), ministro Ricardo Lewandowski, anunciou nesta ter\u00e7a-feira (02\/02), durante a abertura da 224\u00aa Sess\u00e3o Plen\u00e1ria, a loca\u00e7\u00e3o de uma nova sede para o CNJ. Atualmente, o Conselho ocupa espa\u00e7o pr\u00f3prio na Quadra 514 Norte, em Bras\u00edlia, mas suas instala\u00e7\u00f5es est\u00e3o divididas em cinco outros endere\u00e7os. Uma nova sede tem sido procurada desde o ano passado, quando o ministro Lewandowski determinou a <a href=\"http:\/\/www.cnj.jus.br\/noticias\/cnj\/62423-comissao-do-cnj-vai-apresentar-proposta-para-nova-sede-do-orgao-em-brasilia?acm=245707_8022\" target=\"_blank\" rel=\"alternate\"><span style=\"color: #1155cc\">cria\u00e7\u00e3o de uma comiss\u00e3o<\/span><\/a>\u00a0encarregada de apresentar ao Plen\u00e1rio proposta sobre o novo endere\u00e7o.<\/p>\n<p>Quando foi criado, em 2005, o CNJ situava-se no pr\u00e9dio no STF, tamb\u00e9m de forma emergencial. De acordo com o ministro Lewandowski, a licita\u00e7\u00e3o para a nova sede j\u00e1 foi realizada e o futuro pr\u00e9dio do \u00f3rg\u00e3o est\u00e1 situado a 50 metros da atual localiza\u00e7\u00e3o do CNJ. Segundo o ministro, o pr\u00e9dio apresenta condi\u00e7\u00f5es condignas de trabalho. \u201cAp\u00f3s dez anos de sua cria\u00e7\u00e3o, estamos dando os primeiros passos para nossa independ\u00eancia e autonomia\u201d, diz o ministro Lewandowski.<\/p>\n<p><strong>Cinco endere\u00e7os<\/strong> \u2013 Atualmente, as instala\u00e7\u00f5es do CNJ est\u00e3o divididas entre a atual sede, na Quadra 514 Norte, e espa\u00e7os cedidos pela Empresa Brasileira de Comunica\u00e7\u00f5es (EBC), na Quadra 702\/703 Norte; pelo Tribunal Superior do Trabalho (TST), no Setor de Armazenagem e Abastecimento; pelo Supremo Tribunal Federal (STF) e pelo Superior Tribunal de Justi\u00e7a (STJ). Na avalia\u00e7\u00e3o da Diretoria-Geral do Conselho, a dispers\u00e3o do \u00f3rg\u00e3o em cinco endere\u00e7os tem causado, al\u00e9m da falta de integra\u00e7\u00e3o entre as \u00e1reas, a perda de produtividade, o aumento do custo de funcionamento e manuten\u00e7\u00e3o do \u00f3rg\u00e3o, al\u00e9m da dificuldade de acesso do p\u00fablico, entre outros problemas operacionais. Recentemente, devido \u00e0 necessidade de os \u00f3rg\u00e3os cedentes ampliarem suas instala\u00e7\u00f5es, foi requisitada ao CNJ a desocupa\u00e7\u00e3o de parte dessas \u00e1reas.<\/p>\n","protected":false},"excerpt":{"rendered":"<p>O presidente do Conselho Nacional de Justi\u00e7a (CNJ) e do Supremo Tribunal Federal (STF), ministro Ricardo Lewandowski, anunciou nesta ter\u00e7a-feira (02\/02), durante a abertura da 224\u00aa Sess\u00e3o Plen\u00e1ria, a loca\u00e7\u00e3o de uma nova sede para o CNJ. Atualmente, o Conselho ocupa espa\u00e7o pr\u00f3prio na Quadra 514 Norte, em Bras\u00edlia, mas suas instala\u00e7\u00f5es est\u00e3o divididas em cinco outros endere\u00e7os. Uma nova [&hellip;]<\/p>\n","protected":false},"author":27,"featured_media":0,"comment_status":"open","ping_status":"closed","sticky":false,"template":"","format":"standard","meta":{"footnotes":""},"categories":[1],"tags":[670,674,254,669,91,672,81,673,671,34],"class_list":["post-905","post","type-post","status-publish","format-standard","hentry","category-sem-categoria","tag-anuncia","tag-cedido","tag-cnj","tag-lewandowski","tag-mudanca","tag-predio","tag-presidente","tag-proprio","tag-sede","tag-stf"],"_links":{"self":[{"href":"https:\/\/blogs.correiobraziliense.com.br\/servidor\/wp-json\/wp\/v2\/posts\/905","targetHints":{"allow":["GET"]}}],"collection":[{"href":"https:\/\/blogs.correiobraziliense.com.br\/servidor\/wp-json\/wp\/v2\/posts"}],"about":[{"href":"https:\/\/blogs.correiobraziliense.com.br\/servidor\/wp-json\/wp\/v2\/types\/post"}],"author":[{"embeddable":true,"href":"https:\/\/blogs.correiobraziliense.com.br\/servidor\/wp-json\/wp\/v2\/users\/27"}],"replies":[{"embeddable":true,"href":"https:\/\/blogs.correiobraziliense.com.br\/servidor\/wp-json\/wp\/v2\/comments?post=905"}],"version-history":[{"count":1,"href":"https:\/\/blogs.correiobraziliense.com.br\/servidor\/wp-json\/wp\/v2\/posts\/905\/revisions"}],"predecessor-version":[{"id":906,"href":"https:\/\/blogs.correiobraziliense.com.br\/servidor\/wp-json\/wp\/v2\/posts\/905\/revisions\/906"}],"wp:attachment":[{"href":"https:\/\/blogs.correiobraziliense.com.br\/servidor\/wp-json\/wp\/v2\/media?parent=905"}],"wp:term":[{"taxonomy":"category","embeddable":true,"href":"https:\/\/blogs.correiobraziliense.com.br\/servidor\/wp-json\/wp\/v2\/categories?post=905"},{"taxonomy":"post_tag","embeddable":true,"href":"https:\/\/blogs.correiobraziliense.com.br\/servidor\/wp-json\/wp\/v2\/tags?post=905"}],"curies":[{"name":"wp","href":"https:\/\/api.w.org\/{rel}","templated":true}]}}