{"id":9045,"date":"2018-05-08T19:07:34","date_gmt":"2018-05-08T22:07:34","guid":{"rendered":"https:\/\/blogs.correiobraziliense.com.br\/servidor\/?p=9045"},"modified":"2018-05-08T19:07:34","modified_gmt":"2018-05-08T22:07:34","slug":"policial-federal-absolvido-da-acusacao-de-atuar-contra-operacao-lava-jato","status":"publish","type":"post","link":"https:\/\/blogs.correiobraziliense.com.br\/servidor\/policial-federal-absolvido-da-acusacao-de-atuar-contra-operacao-lava-jato\/","title":{"rendered":"Policial federal absolvido da acusa\u00e7\u00e3o de atuar contra a Opera\u00e7\u00e3o Lava Jato"},"content":{"rendered":"<p><em>A Corregedoria da Pol\u00edcia Federal n\u00e3o encontrou evid\u00eancias de participa\u00e7\u00e3o de Flavio Werneck no epis\u00f3dio de dossi\u00ea contra a Opera\u00e7\u00e3o Lava Jato. Essa \u00e9 a conclus\u00e3o do processo administrativo disciplinar, aberto em 2016, para investigar o caso<\/em><\/p>\n<p>Segundo informa\u00e7\u00f5es, o\u00a0 policial foi no entanto punido por motivo irrelevante e f\u00fatil com base em lei disciplinar da \u00e9poca do regime militar que pro\u00edbe declara\u00e7\u00f5es de integrantes a corpora\u00e7\u00e3o que \u201cpossam resultar em preju\u00edzo para a imagem do \u00f3rg\u00e3o\u201d.<\/p>\n<p>Werneck foi punido com a suspens\u00e3o de 20 dias por fato sem qualquer conex\u00e3o com o dossi\u00ea, destacam as tontes. Ele foi penalizado por denunciar atos administrativos imorais da Pol\u00edcia Federal, que havia cedido mais de trinta delegados federais ao Minist\u00e9rio da Justi\u00e7a, com preju\u00edzo para o andamento das investiga\u00e7\u00f5es policiais.<\/p>\n<p>A pena aplicada \u00e9 in\u00f3cua, sem efeito pr\u00e1tico, uma vez que Werneck j\u00e1 est\u00e1 licenciado do cargo por presidir o Sindicato do Policiais Federais do DF.\u00a0Werneck ir\u00e1 ainda recorrer no judici\u00e1rio da penalidade por entender que a liberdade de express\u00e3o e atos inerentes \u00e0 representa\u00e7\u00e3o sindical n\u00e3o podem ser cerceados ou pass\u00edveis de processos administrativos.<\/p>\n<p>A conclus\u00e3o do PAD ser\u00e1 publicada amanha no DOU. Veja:<\/p>\n<p>&nbsp;<\/p>\n<p><img loading=\"lazy\" decoding=\"async\" class=\"size-large wp-image-9046 alignleft\" src=\"https:\/\/blogs.correiobraziliense.com.br\/servidor\/wp-content\/uploads\/sites\/10\/2018\/05\/WhatsApp-Image-2018-05-08-at-18.45.381-576x1024.jpeg\" alt=\"WhatsApp Image 2018-05-08 at 18.45.38(1)\" width=\"576\" height=\"1024\" srcset=\"https:\/\/blogs.correiobraziliense.com.br\/servidor\/wp-content\/uploads\/sites\/10\/2018\/05\/WhatsApp-Image-2018-05-08-at-18.45.381-576x1024.jpeg 576w, https:\/\/blogs.correiobraziliense.com.br\/servidor\/wp-content\/uploads\/sites\/10\/2018\/05\/WhatsApp-Image-2018-05-08-at-18.45.381-169x300.jpeg 169w, https:\/\/blogs.correiobraziliense.com.br\/servidor\/wp-content\/uploads\/sites\/10\/2018\/05\/WhatsApp-Image-2018-05-08-at-18.45.381-197x350.jpeg 197w, https:\/\/blogs.correiobraziliense.com.br\/servidor\/wp-content\/uploads\/sites\/10\/2018\/05\/WhatsApp-Image-2018-05-08-at-18.45.381-550x978.jpeg 550w, https:\/\/blogs.correiobraziliense.com.br\/servidor\/wp-content\/uploads\/sites\/10\/2018\/05\/WhatsApp-Image-2018-05-08-at-18.45.381-230x409.jpeg 230w, https:\/\/blogs.correiobraziliense.com.br\/servidor\/wp-content\/uploads\/sites\/10\/2018\/05\/WhatsApp-Image-2018-05-08-at-18.45.381.jpeg 720w\" sizes=\"auto, (max-width: 576px) 100vw, 576px\" \/><\/p>\n","protected":false},"excerpt":{"rendered":"<p>A Corregedoria da Pol\u00edcia Federal n\u00e3o encontrou evid\u00eancias de participa\u00e7\u00e3o de Flavio Werneck no epis\u00f3dio de dossi\u00ea contra a Opera\u00e7\u00e3o Lava Jato. Essa \u00e9 a conclus\u00e3o do processo administrativo disciplinar, aberto em 2016, para investigar o caso Segundo informa\u00e7\u00f5es, o\u00a0 policial foi no entanto punido por motivo irrelevante e f\u00fatil com base em lei disciplinar da \u00e9poca do regime militar [&hellip;]<\/p>\n","protected":false},"author":27,"featured_media":0,"comment_status":"open","ping_status":"closed","sticky":false,"template":"","format":"standard","meta":{"footnotes":""},"categories":[2719],"tags":[12318,10485,7016,2989,2624,3636,9335,1769,7516,11169,12319,1407,1391,104,4164,1157,8683,12320],"class_list":["post-9045","post","type-post","status-publish","format-standard","hentry","category-servidor","tag-absolvido","tag-acusacao","tag-administrativo","tag-conclusao","tag-corregedoria","tag-disciplinar","tag-dossie","tag-dou","tag-evidencias","tag-flavio-werneck","tag-irrelevante","tag-operacao-lava-jato","tag-pad","tag-policia-federal","tag-policial","tag-processo","tag-punido","tag-regime-militar"],"_links":{"self":[{"href":"https:\/\/blogs.correiobraziliense.com.br\/servidor\/wp-json\/wp\/v2\/posts\/9045","targetHints":{"allow":["GET"]}}],"collection":[{"href":"https:\/\/blogs.correiobraziliense.com.br\/servidor\/wp-json\/wp\/v2\/posts"}],"about":[{"href":"https:\/\/blogs.correiobraziliense.com.br\/servidor\/wp-json\/wp\/v2\/types\/post"}],"author":[{"embeddable":true,"href":"https:\/\/blogs.correiobraziliense.com.br\/servidor\/wp-json\/wp\/v2\/users\/27"}],"replies":[{"embeddable":true,"href":"https:\/\/blogs.correiobraziliense.com.br\/servidor\/wp-json\/wp\/v2\/comments?post=9045"}],"version-history":[{"count":1,"href":"https:\/\/blogs.correiobraziliense.com.br\/servidor\/wp-json\/wp\/v2\/posts\/9045\/revisions"}],"predecessor-version":[{"id":9047,"href":"https:\/\/blogs.correiobraziliense.com.br\/servidor\/wp-json\/wp\/v2\/posts\/9045\/revisions\/9047"}],"wp:attachment":[{"href":"https:\/\/blogs.correiobraziliense.com.br\/servidor\/wp-json\/wp\/v2\/media?parent=9045"}],"wp:term":[{"taxonomy":"category","embeddable":true,"href":"https:\/\/blogs.correiobraziliense.com.br\/servidor\/wp-json\/wp\/v2\/categories?post=9045"},{"taxonomy":"post_tag","embeddable":true,"href":"https:\/\/blogs.correiobraziliense.com.br\/servidor\/wp-json\/wp\/v2\/tags?post=9045"}],"curies":[{"name":"wp","href":"https:\/\/api.w.org\/{rel}","templated":true}]}}