{"id":9023,"date":"2018-05-04T15:18:21","date_gmt":"2018-05-04T18:18:21","guid":{"rendered":"https:\/\/blogs.correiobraziliense.com.br\/servidor\/?p=9023"},"modified":"2018-05-04T15:18:21","modified_gmt":"2018-05-04T18:18:21","slug":"afbndes-nota-de-repudio","status":"publish","type":"post","link":"https:\/\/blogs.correiobraziliense.com.br\/servidor\/afbndes-nota-de-repudio\/","title":{"rendered":"AFBNDES &#8211; Nota de rep\u00fadio"},"content":{"rendered":"<p><em>A Associa\u00e7\u00e3o dos Funcion\u00e1rios do BNDES (AFBNDES) repudia a campanha difamat\u00f3ria de \u00f3rg\u00e3os oficiais contra os empregados a Eletrobras com o objetivo de angariar a simpatia da sociedade para justificar a privatiza\u00e7\u00e3o da estatal<\/em><\/p>\n<p>Veja a nota:<\/p>\n<p>&#8220;A Associa\u00e7\u00e3o dos Funcion\u00e1rios do BNDES (AFBNDES) se solidariza com os empregados da Eletrobr\u00e1s, que sofreram fortes preju\u00edzos \u00e0 sua imagem em busca da mobiliza\u00e7\u00e3o da opini\u00e3o p\u00fablica e forma\u00e7\u00e3o de ambiente favor\u00e1vel \u00e0 privatiza\u00e7\u00e3o. Desde 2017, a empresa sofre uma estrat\u00e9gia de divulga\u00e7\u00e3o de um cen\u00e1rio de mazelas e problemas da estatal que n\u00e3o correspondem \u00e0 realidade.<\/p>\n<p>Agora, o Minist\u00e9rio das Minas e Energia, seguindo o mesmo caminho, d\u00e1 sua contribui\u00e7\u00e3o na campanha de deprecia\u00e7\u00e3o e desqualifica\u00e7\u00e3o da empresa e de seus empregados com mensagens negativas em perfis oficiais presentes nas redes sociais, como o Twitter.<\/p>\n<p>A AFBNDES, assim como a Associa\u00e7\u00e3o dos Empregados de Furnas (ASEF), que publicou esta semana nota de rep\u00fadio a tal campanha, refor\u00e7a sua cr\u00edtica e denuncia a pol\u00edtica de desmonte que atinge as empresas estatais e o setor p\u00fablico de maneira geral.&#8221;<\/p>\n","protected":false},"excerpt":{"rendered":"<p>A Associa\u00e7\u00e3o dos Funcion\u00e1rios do BNDES (AFBNDES) repudia a campanha difamat\u00f3ria de \u00f3rg\u00e3os oficiais contra os empregados a Eletrobras com o objetivo de angariar a simpatia da sociedade para justificar a privatiza\u00e7\u00e3o da estatal Veja a nota: &#8220;A Associa\u00e7\u00e3o dos Funcion\u00e1rios do BNDES (AFBNDES) se solidariza com os empregados da Eletrobr\u00e1s, que sofreram fortes preju\u00edzos \u00e0 sua imagem em busca [&hellip;]<\/p>\n","protected":false},"author":27,"featured_media":0,"comment_status":"open","ping_status":"closed","sticky":false,"template":"","format":"standard","meta":{"footnotes":""},"categories":[2719],"tags":[7226,2739,305,1426,5622,2651,891,2523,3144,37,12291,1518,1001,1217],"class_list":["post-9023","post","type-post","status-publish","format-standard","hentry","category-servidor","tag-afbndes","tag-bndes","tag-campanha","tag-cenario","tag-difamatoria","tag-eletrobras","tag-empregados","tag-estatal","tag-imagem","tag-nota","tag-orgaos-oficiais","tag-prejuizos","tag-privatizacao","tag-repudio"],"_links":{"self":[{"href":"https:\/\/blogs.correiobraziliense.com.br\/servidor\/wp-json\/wp\/v2\/posts\/9023","targetHints":{"allow":["GET"]}}],"collection":[{"href":"https:\/\/blogs.correiobraziliense.com.br\/servidor\/wp-json\/wp\/v2\/posts"}],"about":[{"href":"https:\/\/blogs.correiobraziliense.com.br\/servidor\/wp-json\/wp\/v2\/types\/post"}],"author":[{"embeddable":true,"href":"https:\/\/blogs.correiobraziliense.com.br\/servidor\/wp-json\/wp\/v2\/users\/27"}],"replies":[{"embeddable":true,"href":"https:\/\/blogs.correiobraziliense.com.br\/servidor\/wp-json\/wp\/v2\/comments?post=9023"}],"version-history":[{"count":1,"href":"https:\/\/blogs.correiobraziliense.com.br\/servidor\/wp-json\/wp\/v2\/posts\/9023\/revisions"}],"predecessor-version":[{"id":9024,"href":"https:\/\/blogs.correiobraziliense.com.br\/servidor\/wp-json\/wp\/v2\/posts\/9023\/revisions\/9024"}],"wp:attachment":[{"href":"https:\/\/blogs.correiobraziliense.com.br\/servidor\/wp-json\/wp\/v2\/media?parent=9023"}],"wp:term":[{"taxonomy":"category","embeddable":true,"href":"https:\/\/blogs.correiobraziliense.com.br\/servidor\/wp-json\/wp\/v2\/categories?post=9023"},{"taxonomy":"post_tag","embeddable":true,"href":"https:\/\/blogs.correiobraziliense.com.br\/servidor\/wp-json\/wp\/v2\/tags?post=9023"}],"curies":[{"name":"wp","href":"https:\/\/api.w.org\/{rel}","templated":true}]}}