{"id":9017,"date":"2018-05-04T14:05:49","date_gmt":"2018-05-04T17:05:49","guid":{"rendered":"https:\/\/blogs.correiobraziliense.com.br\/servidor\/?p=9017"},"modified":"2018-05-04T14:05:49","modified_gmt":"2018-05-04T17:05:49","slug":"nota-conjunta-ministerio-da-fazenda-e-caixa-economica-federal","status":"publish","type":"post","link":"https:\/\/blogs.correiobraziliense.com.br\/servidor\/nota-conjunta-ministerio-da-fazenda-e-caixa-economica-federal\/","title":{"rendered":"Nota conjunta &#8211; Minist\u00e9rio da Fazenda e Caixa Econ\u00f4mica Federal"},"content":{"rendered":"<p><em>Caixa n\u00e3o vai precisar de capitaliza\u00e7\u00e3o com recursos do FGTS esse ano, informam os dois \u00f3rg\u00e3os<\/em><\/p>\n<p>Veja a nota:<\/p>\n<p>&#8220;O Minist\u00e9rio da Fazenda e a Caixa Econ\u00f4mica Federal t\u00eam promovido medidas para adequar a estrutura de capital da institui\u00e7\u00e3o ao plano de neg\u00f3cios e atendimento \u00e0s pol\u00edticas p\u00fablicas previstas para o ano.<\/p>\n<p>A Caixa busca sempre uma aloca\u00e7\u00e3o eficiente de seus recursos, com adequada gest\u00e3o de risco e respeito \u00e0s melhores pr\u00e1ticas banc\u00e1rias.<\/p>\n<p>A atual estrutura de capital permite, na avalia\u00e7\u00e3o do Minist\u00e9rio da Fazenda e do comando da Caixa, a execu\u00e7\u00e3o do plano de neg\u00f3cios previsto para o ano, sem a necessidade de capitaliza\u00e7\u00e3o mediante a utiliza\u00e7\u00e3o do FGTS.<\/p>\n<p>&nbsp;<\/p>\n<p>MINIST\u00c9RIO DA FAZENDA<\/p>\n<p>CAIXA ECON\u00d4MICA FEDERAL&#8221;<\/p>\n","protected":false},"excerpt":{"rendered":"<p>Caixa n\u00e3o vai precisar de capitaliza\u00e7\u00e3o com recursos do FGTS esse ano, informam os dois \u00f3rg\u00e3os Veja a nota: &#8220;O Minist\u00e9rio da Fazenda e a Caixa Econ\u00f4mica Federal t\u00eam promovido medidas para adequar a estrutura de capital da institui\u00e7\u00e3o ao plano de neg\u00f3cios e atendimento \u00e0s pol\u00edticas p\u00fablicas previstas para o ano. A Caixa busca sempre uma aloca\u00e7\u00e3o eficiente de [&hellip;]<\/p>\n","protected":false},"author":27,"featured_media":0,"comment_status":"open","ping_status":"closed","sticky":false,"template":"","format":"standard","meta":{"footnotes":""},"categories":[2719],"tags":[701,685,810,3472,615,316],"class_list":["post-9017","post","type-post","status-publish","format-standard","hentry","category-servidor","tag-caixa-economica-federal","tag-fgts","tag-ministerio-da-fazenda","tag-negocios","tag-plano","tag-recursos"],"_links":{"self":[{"href":"https:\/\/blogs.correiobraziliense.com.br\/servidor\/wp-json\/wp\/v2\/posts\/9017","targetHints":{"allow":["GET"]}}],"collection":[{"href":"https:\/\/blogs.correiobraziliense.com.br\/servidor\/wp-json\/wp\/v2\/posts"}],"about":[{"href":"https:\/\/blogs.correiobraziliense.com.br\/servidor\/wp-json\/wp\/v2\/types\/post"}],"author":[{"embeddable":true,"href":"https:\/\/blogs.correiobraziliense.com.br\/servidor\/wp-json\/wp\/v2\/users\/27"}],"replies":[{"embeddable":true,"href":"https:\/\/blogs.correiobraziliense.com.br\/servidor\/wp-json\/wp\/v2\/comments?post=9017"}],"version-history":[{"count":1,"href":"https:\/\/blogs.correiobraziliense.com.br\/servidor\/wp-json\/wp\/v2\/posts\/9017\/revisions"}],"predecessor-version":[{"id":9018,"href":"https:\/\/blogs.correiobraziliense.com.br\/servidor\/wp-json\/wp\/v2\/posts\/9017\/revisions\/9018"}],"wp:attachment":[{"href":"https:\/\/blogs.correiobraziliense.com.br\/servidor\/wp-json\/wp\/v2\/media?parent=9017"}],"wp:term":[{"taxonomy":"category","embeddable":true,"href":"https:\/\/blogs.correiobraziliense.com.br\/servidor\/wp-json\/wp\/v2\/categories?post=9017"},{"taxonomy":"post_tag","embeddable":true,"href":"https:\/\/blogs.correiobraziliense.com.br\/servidor\/wp-json\/wp\/v2\/tags?post=9017"}],"curies":[{"name":"wp","href":"https:\/\/api.w.org\/{rel}","templated":true}]}}