{"id":9015,"date":"2018-05-04T12:23:39","date_gmt":"2018-05-04T15:23:39","guid":{"rendered":"https:\/\/blogs.correiobraziliense.com.br\/servidor\/?p=9015"},"modified":"2018-05-04T12:23:39","modified_gmt":"2018-05-04T15:23:39","slug":"manifesto-da-articulacao-nacional-das-carreiras-publicas-para-o-desenvolvimento-sustentavel","status":"publish","type":"post","link":"https:\/\/blogs.correiobraziliense.com.br\/servidor\/manifesto-da-articulacao-nacional-das-carreiras-publicas-para-o-desenvolvimento-sustentavel\/","title":{"rendered":"Manifesto da Articula\u00e7\u00e3o Nacional das Carreiras P\u00fablicas  para o Desenvolvimento Sustent\u00e1vel"},"content":{"rendered":"<p><em>Com o t\u00edtulo &#8220;O Estado brasileiro est\u00e1 sob ataque&#8221;, a Articula\u00e7\u00e3o Nacional das Carreiras P\u00fablicas para o Desenvolvimento Sustent\u00e1vel (Arca) faz uma convoca\u00e7\u00e3o a todas as categorias para construir uma estrat\u00e9gia ampla de combate a medidas e for\u00e7as autorit\u00e1rias. &#8220;As elites mais conservadoras, travestidas de modernas e ilustradas, avan\u00e7am agressivamente sobre todas as institui\u00e7\u00f5es erguidas por gera\u00e7\u00f5es de brasileiras e brasileiros&#8221;, aponta o documento<\/em><\/p>\n<p>&#8220;Temos o dever de elaborar, em articula\u00e7\u00e3o com outras for\u00e7as da sociedade civil, de maneira transparente e participativa, um Plano Nacional de Desenvolvimento Sustent\u00e1vel. Dessa forma, as carreiras p\u00fablicas buscam contribuir com ideias que possam alimentar o esp\u00edrito do povo brasileiro, faminto de sinais que indiquem a viabilidade de um Brasil livre, justo e solid\u00e1rio&#8221;, acentua o manifesto.<\/p>\n<p>Confira o manifesto na \u00edntegra:<\/p>\n<p>&#8220;O Estado brasileiro est\u00e1 sob ataque<\/p>\n<p>N\u00f3s, servidores de carreiras p\u00fablicas da administra\u00e7\u00e3o direta e indireta, que conhecem os problemas e as virtudes, a import\u00e2ncia dos servi\u00e7os prestados, e do potencial das institui\u00e7\u00f5es que comp\u00f5em o Estado brasileiro, n\u00e3o podemos nos omitir. N\u00e3o podemos deixar de apresentar nosso ponto de vista perante a opini\u00e3o p\u00fablica. O pa\u00eds vive um dos momentos mais cr\u00edticos de sua hist\u00f3ria. A desesperan\u00e7a e a falta de perspectiva difundem-se como doen\u00e7as contagiosas. Imposs\u00edvel subestimar a amea\u00e7a que esse estado de coisas imp\u00f5e sobre um pa\u00eds em que a cren\u00e7a de que estamos destinados a um futuro melhor \u00e9 um dos ingredientes fundamentais de nossa pr\u00f3pria identidade.<\/p>\n<p>O vazio criado vem sendo visivelmente ocupado pela ascens\u00e3o de ideologias autorit\u00e1rias e conservadoras, resultando em concretas amea\u00e7as aos direitos humanos e \u00e0 busca pela justi\u00e7a social no nosso pa\u00eds. Nesse momento hist\u00f3rico de profunda crise, as elites mais conservadoras, travestidas de modernas e ilustradas, avan\u00e7am agressivamente sobre todas as institui\u00e7\u00f5es erguidas por gera\u00e7\u00f5es de brasileiras e brasileiros. Olham para a m\u00e1quina estatal n\u00e3o sob a perspectiva do reformador, que procura identificar os ajustes necess\u00e1rios para cumprir melhor seu papel. Olham para o Estado brasileiro com a mirada da cobi\u00e7a, sob a perspectiva do explorador cujo \u00fanico v\u00ednculo com o pa\u00eds \u00e9 o lucro para satisfazer seus interesses mesquinhos e de curto-prazo.<\/p>\n<p>Para atingir seus objetivos, orientados pela cartilha desacreditada e combalida do neoliberalismo, empenham-se em convencer o povo de que a causa da crise \u00e9 a m\u00e1quina estatal brasileira. Ainda que conte com o apoio entusi\u00e1stico dos grandes grupos que controlam a informa\u00e7\u00e3o no pa\u00eds, o povo n\u00e3o se convence de ter seus direitos retirados. \u00c9 isso que revelam sistematicamente pesquisas de opini\u00e3o, nas quais o povo diz n\u00e3o \u00e0 Emenda Constitucional 95, \u00e0s reformas trabalhista e previdenci\u00e1ria e \u00e0 agenda de privatiza\u00e7\u00f5es de empresas e ativos estrat\u00e9gicos, como s\u00e3o os casos da Eletrobr\u00e1s, Petrobr\u00e1s e a entrega da Embraer. N\u00e3o obstante a falta de qualquer aval popular e democr\u00e1tico, o atual governo p\u00f5e em marcha esta agenda, valendo-se do apoio que possui de parlamentares que afundam em den\u00fancias de corrup\u00e7\u00e3o.<\/p>\n<p>Devemos nos unir para defender a plena realiza\u00e7\u00e3o do Estado Democr\u00e1tico de Direito, recusando solu\u00e7\u00f5es autorit\u00e1rias e nos postando ao lado da Rep\u00fablica, da Democracia e da Soberania Nacional, conforme estabelecido em nossa Constitui\u00e7\u00e3o. Temos o dever de elaborar, em articula\u00e7\u00e3o com outras for\u00e7as da sociedade civil, de maneira transparente e participativa, um Plano Nacional de Desenvolvimento Sustent\u00e1vel. Dessa forma, as carreiras p\u00fablicas buscam contribuir com ideias que possam alimentar o esp\u00edrito do povo brasileiro, faminto de sinais que indiquem a viabilidade de um Brasil livre, justo e solid\u00e1rio.<\/p>\n<p>Para tanto, convidamos todas as carreiras p\u00fablicas, por suas entidades representativas, para compor a Articula\u00e7\u00e3o das Carreiras P\u00fablicas para o Desenvolvimento Sustent\u00e1vel. Estaremos juntos no dia 18 de maio, em Bras\u00edlia, para construir esse projeto de forma coletiva. Entre em contato com a Arca para mais informa\u00e7\u00f5es e confirma\u00e7\u00e3o da presen\u00e7a da sua entidade pelo email arcadesenvolvimento@gmail.com.&#8221;<\/p>\n","protected":false},"excerpt":{"rendered":"<p>Com o t\u00edtulo &#8220;O Estado brasileiro est\u00e1 sob ataque&#8221;, a Articula\u00e7\u00e3o Nacional das Carreiras P\u00fablicas para o Desenvolvimento Sustent\u00e1vel (Arca) faz uma convoca\u00e7\u00e3o a todas as categorias para construir uma estrat\u00e9gia ampla de combate a medidas e for\u00e7as autorit\u00e1rias. &#8220;As elites mais conservadoras, travestidas de modernas e ilustradas, avan\u00e7am agressivamente sobre todas as institui\u00e7\u00f5es erguidas por gera\u00e7\u00f5es de brasileiras e [&hellip;]<\/p>\n","protected":false},"author":27,"featured_media":0,"comment_status":"open","ping_status":"closed","sticky":false,"template":"","format":"standard","meta":{"footnotes":""},"categories":[2719],"tags":[12284,12285,55,803,204,12287,704,12286,2134,1416,623,1578,1633,58],"class_list":["post-9015","post","type-post","status-publish","format-standard","hentry","category-servidor","tag-arca","tag-autoritaria","tag-carreiras","tag-categorias","tag-combate","tag-conservadoras","tag-convocacao","tag-elites","tag-estrategia","tag-instituicoes","tag-manifesto","tag-medidas","tag-publicas","tag-servidores"],"_links":{"self":[{"href":"https:\/\/blogs.correiobraziliense.com.br\/servidor\/wp-json\/wp\/v2\/posts\/9015","targetHints":{"allow":["GET"]}}],"collection":[{"href":"https:\/\/blogs.correiobraziliense.com.br\/servidor\/wp-json\/wp\/v2\/posts"}],"about":[{"href":"https:\/\/blogs.correiobraziliense.com.br\/servidor\/wp-json\/wp\/v2\/types\/post"}],"author":[{"embeddable":true,"href":"https:\/\/blogs.correiobraziliense.com.br\/servidor\/wp-json\/wp\/v2\/users\/27"}],"replies":[{"embeddable":true,"href":"https:\/\/blogs.correiobraziliense.com.br\/servidor\/wp-json\/wp\/v2\/comments?post=9015"}],"version-history":[{"count":1,"href":"https:\/\/blogs.correiobraziliense.com.br\/servidor\/wp-json\/wp\/v2\/posts\/9015\/revisions"}],"predecessor-version":[{"id":9016,"href":"https:\/\/blogs.correiobraziliense.com.br\/servidor\/wp-json\/wp\/v2\/posts\/9015\/revisions\/9016"}],"wp:attachment":[{"href":"https:\/\/blogs.correiobraziliense.com.br\/servidor\/wp-json\/wp\/v2\/media?parent=9015"}],"wp:term":[{"taxonomy":"category","embeddable":true,"href":"https:\/\/blogs.correiobraziliense.com.br\/servidor\/wp-json\/wp\/v2\/categories?post=9015"},{"taxonomy":"post_tag","embeddable":true,"href":"https:\/\/blogs.correiobraziliense.com.br\/servidor\/wp-json\/wp\/v2\/tags?post=9015"}],"curies":[{"name":"wp","href":"https:\/\/api.w.org\/{rel}","templated":true}]}}