{"id":9007,"date":"2018-05-03T17:15:01","date_gmt":"2018-05-03T20:15:01","guid":{"rendered":"https:\/\/blogs.correiobraziliense.com.br\/servidor\/?p=9007"},"modified":"2018-05-03T17:15:01","modified_gmt":"2018-05-03T20:15:01","slug":"planejamento-autoriza-novo-concurso-publico-para-o-iphan","status":"publish","type":"post","link":"https:\/\/blogs.correiobraziliense.com.br\/servidor\/planejamento-autoriza-novo-concurso-publico-para-o-iphan\/","title":{"rendered":"Planejamento autoriza novo concurso p\u00fablico para o Iphan"},"content":{"rendered":"<div style=\"text-align: left\" align=\"center\"><em>Portaria n\u00ba108 permite a sele\u00e7\u00e3o de 411 novos servidores.\u00a0O Minist\u00e9rio da Cultura (Minc) tem o prazo de seis meses para a publica\u00e7\u00e3o do edital<\/em><\/div>\n<div style=\"text-align: left\" align=\"center\"><\/div>\n<div align=\"center\">\n<div style=\"text-align: left\">O Instituto do Patrim\u00f4nio Hist\u00f3rico e Art\u00edstico Nacional (Iphan) ter\u00e1 novos servidores p\u00fablicos. O Minist\u00e9rio do Planejamento, Desenvolvimento e Gest\u00e3o (MP) autorizou, nesta quinta-feira (03), a realiza\u00e7\u00e3o de concurso p\u00fablico para 411 novos profissionais. A\u00a0<a href=\"http:\/\/pesquisa.in.gov.br\/imprensa\/jsp\/visualiza\/index.jsp?data=03\/05\/2018&amp;jornal=515&amp;pagina=70&amp;totalArquivos=82\" target=\"_blank\">Portaria n\u00ba 108<\/a>\u00a0foi publicada no Di\u00e1rio Oficial da Uni\u00e3o (DOU).<\/div>\n<div style=\"text-align: left\"><\/div>\n<div style=\"text-align: left\">Os cargos s\u00e3o do Plano Especial de Cargos da Cultura. De acordo com a portaria, o certame ser\u00e1 para a sele\u00e7\u00e3o de 104 analistas, 176 t\u00e9cnicos e 131 auxiliares institucionais. A admiss\u00e3o aos cargos de analista e t\u00e9cnico est\u00e3o previstos para este ano. J\u00e1 o ingresso no servi\u00e7o p\u00fablico para os cargos de auxiliar institucional I ser\u00e1 em 2019 e condicionado ao or\u00e7amento do per\u00edodo.<\/p>\n<p>A responsabilidade pela concurso p\u00fablico ser\u00e1 do Minist\u00e9rio da Cultura (Minc), que deve seguir o estabelecido no\u00a0<a href=\"http:\/\/www.planalto.gov.br\/ccivil_03\/_ato2007-2010\/2009\/decreto\/d6944.htm\" target=\"_blank\">Decreto n\u00ba 6.944<\/a>, de 21 de agosto de 2009. J\u00e1 o provimento dos servidores depende de nova autoriza\u00e7\u00e3o do MP.\u00a0O Minc tem o prazo de seis meses para a publica\u00e7\u00e3o do edital.\u00a0\u200b\u200b<\/div>\n<\/div>\n","protected":false},"excerpt":{"rendered":"<p>Portaria n\u00ba108 permite a sele\u00e7\u00e3o de 411 novos servidores.\u00a0O Minist\u00e9rio da Cultura (Minc) tem o prazo de seis meses para a publica\u00e7\u00e3o do edital O Instituto do Patrim\u00f4nio Hist\u00f3rico e Art\u00edstico Nacional (Iphan) ter\u00e1 novos servidores p\u00fablicos. O Minist\u00e9rio do Planejamento, Desenvolvimento e Gest\u00e3o (MP) autorizou, nesta quinta-feira (03), a realiza\u00e7\u00e3o de concurso p\u00fablico para 411 novos profissionais. A\u00a0Portaria n\u00ba [&hellip;]<\/p>\n","protected":false},"author":27,"featured_media":0,"comment_status":"open","ping_status":"closed","sticky":false,"template":"","format":"standard","meta":{"footnotes":""},"categories":[2719],"tags":[121,791,6189,93,8271,5729,141,12270,1075,241,58],"class_list":["post-9007","post","type-post","status-publish","format-standard","hentry","category-servidor","tag-autoriza","tag-cargos","tag-certame","tag-concurso","tag-iphan","tag-minc","tag-ministerio-do-planejamento","tag-portaria-no-108m-selecao","tag-profissionais","tag-publico","tag-servidores"],"_links":{"self":[{"href":"https:\/\/blogs.correiobraziliense.com.br\/servidor\/wp-json\/wp\/v2\/posts\/9007","targetHints":{"allow":["GET"]}}],"collection":[{"href":"https:\/\/blogs.correiobraziliense.com.br\/servidor\/wp-json\/wp\/v2\/posts"}],"about":[{"href":"https:\/\/blogs.correiobraziliense.com.br\/servidor\/wp-json\/wp\/v2\/types\/post"}],"author":[{"embeddable":true,"href":"https:\/\/blogs.correiobraziliense.com.br\/servidor\/wp-json\/wp\/v2\/users\/27"}],"replies":[{"embeddable":true,"href":"https:\/\/blogs.correiobraziliense.com.br\/servidor\/wp-json\/wp\/v2\/comments?post=9007"}],"version-history":[{"count":1,"href":"https:\/\/blogs.correiobraziliense.com.br\/servidor\/wp-json\/wp\/v2\/posts\/9007\/revisions"}],"predecessor-version":[{"id":9008,"href":"https:\/\/blogs.correiobraziliense.com.br\/servidor\/wp-json\/wp\/v2\/posts\/9007\/revisions\/9008"}],"wp:attachment":[{"href":"https:\/\/blogs.correiobraziliense.com.br\/servidor\/wp-json\/wp\/v2\/media?parent=9007"}],"wp:term":[{"taxonomy":"category","embeddable":true,"href":"https:\/\/blogs.correiobraziliense.com.br\/servidor\/wp-json\/wp\/v2\/categories?post=9007"},{"taxonomy":"post_tag","embeddable":true,"href":"https:\/\/blogs.correiobraziliense.com.br\/servidor\/wp-json\/wp\/v2\/tags?post=9007"}],"curies":[{"name":"wp","href":"https:\/\/api.w.org\/{rel}","templated":true}]}}