{"id":900,"date":"2016-01-31T20:33:51","date_gmt":"2016-01-31T22:33:51","guid":{"rendered":"https:\/\/blogs.correiobraziliense.com.br\/servidor\/?p=900"},"modified":"2016-01-31T20:33:51","modified_gmt":"2016-01-31T22:33:51","slug":"japones-da-federal-continua-na-lava-jato-informa-fenapef","status":"publish","type":"post","link":"https:\/\/blogs.correiobraziliense.com.br\/servidor\/japones-da-federal-continua-na-lava-jato-informa-fenapef\/","title":{"rendered":"JAPON\u00caS DA FEDERAL CONTINUA NA LAVA JATO, INFORMA FENAPEF"},"content":{"rendered":"<p>Na semana passada, de acordo com a Federa\u00e7\u00e3o Nacional dos Policiais Federais (Fenapef), foi amplamente noticiado que\u00a0Newton Ishii, o Japon\u00eas da Federal, teria mudado de fun\u00e7\u00e3o ap\u00f3s a s\u00fabita fama devido \u00e0s pris\u00f5es feitas na Opera\u00e7\u00e3o Lava Jato. Mas em entrevista \u00e0\u00a0Federa\u00e7\u00e3o, Ishii nega essa informa\u00e7\u00e3o.<\/p>\n<p>Newton Ishii, garante a Fenapef,\u00a0continua sendo chefe do N\u00facleo de Opera\u00e7\u00e3o da Pol\u00edcia Federal em Curitiba e conta que n\u00e3o sabe de onde saiu a informa\u00e7\u00e3o de que ele teria sido afastado de sua fun\u00e7\u00e3o. Mas de acordo com ele, os ve\u00edculos\u00a0que deram a falsa informa\u00e7\u00e3o\u00a0iriam se retratar. \u201cTenho exercido minhas fun\u00e7\u00f5es normalmente, apesar do grande ass\u00e9dio, mas minha rotina de descanso mudou. Agora opto por ficar em casa nos dias de folga\u201d, explica.<\/p>\n<p>O Japon\u00eas da Federal afirma ainda que n\u00e3o se incomoda com a fama que ganhou nos \u00faltimos meses. \u201cO que tem aparecido \u00e9 o trabalho dos policiais federais. Apesar de n\u00e3o esperar essa reviravolta, fico feliz em saber que a popula\u00e7\u00e3o admira o trabalho da Pol\u00edcia Federal\u201d, afirmou.<\/p>\n<p>Ao ser questionado como passaria o carnaval, disse que,\u00a0com o volume de trabalho que todos est\u00e3o tendo com a \u00faltima fase da Opera\u00e7\u00e3o Lava Jato, ainda n\u00e3o teve tempo de pensar, mas que se sente lisonjeado com as homenagens a ele, como as marchinhas e as m\u00e1scaras com a sua imagem.<\/p>\n<p>&nbsp;<\/p>\n<p><em>Fonte: Fenapef<\/em><\/p>\n","protected":false},"excerpt":{"rendered":"<p>Na semana passada, de acordo com a Federa\u00e7\u00e3o Nacional dos Policiais Federais (Fenapef), foi amplamente noticiado que\u00a0Newton Ishii, o Japon\u00eas da Federal, teria mudado de fun\u00e7\u00e3o ap\u00f3s a s\u00fabita fama devido \u00e0s pris\u00f5es feitas na Opera\u00e7\u00e3o Lava Jato. Mas em entrevista \u00e0\u00a0Federa\u00e7\u00e3o, Ishii nega essa informa\u00e7\u00e3o. Newton Ishii, garante a Fenapef,\u00a0continua sendo chefe do N\u00facleo de Opera\u00e7\u00e3o da Pol\u00edcia Federal [&hellip;]<\/p>\n","protected":false},"author":27,"featured_media":0,"comment_status":"open","ping_status":"closed","sticky":false,"template":"","format":"standard","meta":{"footnotes":""},"categories":[1],"tags":[662,661,107,659,283,663,664,660,104],"class_list":["post-900","post","type-post","status-publish","format-standard","hentry","category-sem-categoria","tag-carnaval","tag-curitiba","tag-fenapef","tag-japones","tag-lava-jato","tag-marchinhas","tag-mascaras","tag-newton-ishii","tag-policia-federal"],"_links":{"self":[{"href":"https:\/\/blogs.correiobraziliense.com.br\/servidor\/wp-json\/wp\/v2\/posts\/900","targetHints":{"allow":["GET"]}}],"collection":[{"href":"https:\/\/blogs.correiobraziliense.com.br\/servidor\/wp-json\/wp\/v2\/posts"}],"about":[{"href":"https:\/\/blogs.correiobraziliense.com.br\/servidor\/wp-json\/wp\/v2\/types\/post"}],"author":[{"embeddable":true,"href":"https:\/\/blogs.correiobraziliense.com.br\/servidor\/wp-json\/wp\/v2\/users\/27"}],"replies":[{"embeddable":true,"href":"https:\/\/blogs.correiobraziliense.com.br\/servidor\/wp-json\/wp\/v2\/comments?post=900"}],"version-history":[{"count":1,"href":"https:\/\/blogs.correiobraziliense.com.br\/servidor\/wp-json\/wp\/v2\/posts\/900\/revisions"}],"predecessor-version":[{"id":901,"href":"https:\/\/blogs.correiobraziliense.com.br\/servidor\/wp-json\/wp\/v2\/posts\/900\/revisions\/901"}],"wp:attachment":[{"href":"https:\/\/blogs.correiobraziliense.com.br\/servidor\/wp-json\/wp\/v2\/media?parent=900"}],"wp:term":[{"taxonomy":"category","embeddable":true,"href":"https:\/\/blogs.correiobraziliense.com.br\/servidor\/wp-json\/wp\/v2\/categories?post=900"},{"taxonomy":"post_tag","embeddable":true,"href":"https:\/\/blogs.correiobraziliense.com.br\/servidor\/wp-json\/wp\/v2\/tags?post=900"}],"curies":[{"name":"wp","href":"https:\/\/api.w.org\/{rel}","templated":true}]}}