{"id":8999,"date":"2018-05-03T12:30:05","date_gmt":"2018-05-03T15:30:05","guid":{"rendered":"https:\/\/blogs.correiobraziliense.com.br\/servidor\/?p=8999"},"modified":"2018-05-03T12:30:05","modified_gmt":"2018-05-03T15:30:05","slug":"editada-instrucao-sobre-atividade-de-analista-de-valores-mobiliarios","status":"publish","type":"post","link":"https:\/\/blogs.correiobraziliense.com.br\/servidor\/editada-instrucao-sobre-atividade-de-analista-de-valores-mobiliarios\/","title":{"rendered":"Editada instru\u00e7\u00e3o sobre atividade de analista de valores mobili\u00e1rios"},"content":{"rendered":"<p>Principal altera\u00e7\u00e3o \u00e9 a inclus\u00e3o de pessoas jur\u00eddicas na nova norma<\/p>\n<p>A Comiss\u00e3o de Valores Mobili\u00e1rios (CVM) edita hoje, 3 de maio de 2018, a Instru\u00e7\u00e3o CVM 598, que revoga a ICVM 483 e introduz um novo marco regulat\u00f3rio sobre a atividade de analista de valores mobili\u00e1rios.<\/p>\n<p>Uma das principais altera\u00e7\u00f5es trazidas pela nova norma foi a previs\u00e3o da necessidade de credenciamento de analistas de valores mobili\u00e1rios constitu\u00eddos sob a forma de pessoas jur\u00eddicas.<\/p>\n<p>\u201cA Instru\u00e7\u00e3o CVM 598 tamb\u00e9m traz novas regras de conduta para as pessoas que exercem a atividade de an\u00e1lise de valores mobili\u00e1rios, inclusive no que diz respeito ao conte\u00fado das comunica\u00e7\u00f5es de cunho institucional e publicit\u00e1rio divulgadas pelas casas de an\u00e1lise ao mercado e a seus clientes\u201d, explicou Antonio Berwanger, superintendente de desenvolvimento de mercado.<\/p>\n<p>Dentre as demais altera\u00e7\u00f5es realizadas destacam-se:<\/p>\n<p>&#8211; veda\u00e7\u00e3o a que os analistas de valores mobili\u00e1rios pessoa natural obtenham ou mantenham registro como agente aut\u00f4nomo de investimento; e<\/p>\n<p>&#8211; previs\u00e3o de que as entidades respons\u00e1veis pelo credenciamento de analistas de valores mobili\u00e1rios autorizadas pela CVM tamb\u00e9m possam determinar a retifica\u00e7\u00e3o ou a cessa\u00e7\u00e3o da divulga\u00e7\u00e3o de comunica\u00e7\u00f5es de cunho institucional e publicit\u00e1rio que apresentem incorre\u00e7\u00f5es ou impropriedades que possam induzir o investidor a erro.<\/p>\n<h4>Mais informa\u00e7\u00f5es<\/h4>\n<p>Acesse a \u00edntegra da\u00a0<a href=\"http:\/\/www.cvm.gov.br\/legislacao\/instrucoes\/inst598.html\" target=\"_blank\">Instru\u00e7\u00e3o CVM 598<\/a>\u00a0e o\u00a0<a href=\"http:\/\/www.cvm.gov.br\/audiencias_publicas\/ap_sdm\/2017\/sdm0317.html\" target=\"_blank\">Relat\u00f3rio de Audi\u00eancia P\u00fablica SDM 03\/17<\/a>.<u><\/u><u><\/u><\/p>\n<p><u><\/u><\/p>\n","protected":false},"excerpt":{"rendered":"<p>Principal altera\u00e7\u00e3o \u00e9 a inclus\u00e3o de pessoas jur\u00eddicas na nova norma A Comiss\u00e3o de Valores Mobili\u00e1rios (CVM) edita hoje, 3 de maio de 2018, a Instru\u00e7\u00e3o CVM 598, que revoga a ICVM 483 e introduz um novo marco regulat\u00f3rio sobre a atividade de analista de valores mobili\u00e1rios. Uma das principais altera\u00e7\u00f5es trazidas pela nova norma foi a previs\u00e3o da necessidade [&hellip;]<\/p>\n","protected":false},"author":27,"featured_media":0,"comment_status":"open","ping_status":"closed","sticky":false,"template":"","format":"standard","meta":{"footnotes":""},"categories":[2719],"tags":[970,12263,3454,3568,148,215,6277,1662,396,437,10461,751,5542],"class_list":["post-8999","post","type-post","status-publish","format-standard","hentry","category-servidor","tag-alteracao","tag-analista-de-valores-mobiliarios","tag-atividade","tag-conduta","tag-credenciamento","tag-cvm","tag-inclusao","tag-instrucao","tag-marco","tag-norma","tag-pessoas-juridicas","tag-regras","tag-regulatorio"],"_links":{"self":[{"href":"https:\/\/blogs.correiobraziliense.com.br\/servidor\/wp-json\/wp\/v2\/posts\/8999","targetHints":{"allow":["GET"]}}],"collection":[{"href":"https:\/\/blogs.correiobraziliense.com.br\/servidor\/wp-json\/wp\/v2\/posts"}],"about":[{"href":"https:\/\/blogs.correiobraziliense.com.br\/servidor\/wp-json\/wp\/v2\/types\/post"}],"author":[{"embeddable":true,"href":"https:\/\/blogs.correiobraziliense.com.br\/servidor\/wp-json\/wp\/v2\/users\/27"}],"replies":[{"embeddable":true,"href":"https:\/\/blogs.correiobraziliense.com.br\/servidor\/wp-json\/wp\/v2\/comments?post=8999"}],"version-history":[{"count":1,"href":"https:\/\/blogs.correiobraziliense.com.br\/servidor\/wp-json\/wp\/v2\/posts\/8999\/revisions"}],"predecessor-version":[{"id":9000,"href":"https:\/\/blogs.correiobraziliense.com.br\/servidor\/wp-json\/wp\/v2\/posts\/8999\/revisions\/9000"}],"wp:attachment":[{"href":"https:\/\/blogs.correiobraziliense.com.br\/servidor\/wp-json\/wp\/v2\/media?parent=8999"}],"wp:term":[{"taxonomy":"category","embeddable":true,"href":"https:\/\/blogs.correiobraziliense.com.br\/servidor\/wp-json\/wp\/v2\/categories?post=8999"},{"taxonomy":"post_tag","embeddable":true,"href":"https:\/\/blogs.correiobraziliense.com.br\/servidor\/wp-json\/wp\/v2\/tags?post=8999"}],"curies":[{"name":"wp","href":"https:\/\/api.w.org\/{rel}","templated":true}]}}