{"id":8993,"date":"2018-05-02T12:20:43","date_gmt":"2018-05-02T15:20:43","guid":{"rendered":"https:\/\/blogs.correiobraziliense.com.br\/servidor\/?p=8993"},"modified":"2018-05-02T12:20:43","modified_gmt":"2018-05-02T15:20:43","slug":"jornada-de-educacao-alimentar-e-nutricional-recebe-inscricoes-ate-6-de-maio","status":"publish","type":"post","link":"https:\/\/blogs.correiobraziliense.com.br\/servidor\/jornada-de-educacao-alimentar-e-nutricional-recebe-inscricoes-ate-6-de-maio\/","title":{"rendered":"Jornada de Educa\u00e7\u00e3o Alimentar e Nutricional recebe inscri\u00e7\u00f5es at\u00e9 6 de maio"},"content":{"rendered":"<p style=\"text-align: left\" align=\"center\"><em>Concurso tem o objetivo de selecionar e disseminar boas pr\u00e1ticas\u00a0<\/em><i><em>de educa\u00e7\u00e3o alimentar realizadas em escolas p\u00fablicas, informou o Fundo Nacional de Desenvolvimento da Educa\u00e7\u00e3o (FNDE)<\/em><\/i><\/p>\n<p style=\"text-align: left\" align=\"center\">As inscri\u00e7\u00f5es para a <span id=\"OBJ_PREFIX_DWT878_com_zimbra_date\" class=\"Object\">segunda<\/span> edi\u00e7\u00e3o da Jornada de Educa\u00e7\u00e3o Alimentar e Nutricional v\u00e3o at\u00e9 o dia <span id=\"OBJ_PREFIX_DWT870_com_zimbra_date\" class=\"Object\"><span id=\"OBJ_PREFIX_DWT879_com_zimbra_date\" class=\"Object\">6 de maio<\/span><\/span>. Sob a responsabilidade do Fundo Nacional de Desenvolvimento da Educa\u00e7\u00e3o (FNDE), a jornada incentiva a\u00e7\u00f5es que estimulem a alimenta\u00e7\u00e3o saud\u00e1vel e adequada no ambiente escolar, al\u00e9m de dar visibilidade \u00e0s pr\u00e1ticas de educa\u00e7\u00e3o alimentar e nutricional j\u00e1 desenvolvidas em escolas p\u00fablicas de educa\u00e7\u00e3o infantil e dos anos iniciais do ensino fundamental (1\u00ba ao 5\u00ba ano).<\/p>\n<p>\u201cColocar comida de qualidade na mesa dos estudantes e incentivar a educa\u00e7\u00e3o alimentar \u00e9 importante para o desenvolvimento cognitivo dos alunos e para a pr\u00f3pria promo\u00e7\u00e3o da sa\u00fade\u201d, afirma o presidente do FNDE, Silvio Pinheiro.<\/p>\n<p>As inscri\u00e7\u00f5es podem ser feitas por diretores de escolas ou nutricionistas do Programa Nacional de Alimenta\u00e7\u00e3o Escolar (Pnae) na plataforma\u00a0<a href=\"http:\/\/educacaocorporativa.fnde.gov.br\/efnde\/interativo\/acessar_espaco_sistema\/acessar.htm\">e-FNDE<\/a>. Esta nova edi\u00e7\u00e3o ser\u00e1 composta de quatro etapas com os seguintes temas: comida de verdade na escola; promovendo a alimenta\u00e7\u00e3o adequada e saud\u00e1vel no curr\u00edculo escolar; propaganda e publicidade de alimentos para o p\u00fablico infantil; envolvimento da fam\u00edlia na alimenta\u00e7\u00e3o escolar: vamos aprender juntos.<\/p>\n<p>Para completar a jornada, a escola inscrita deve descrever a a\u00e7\u00e3o executada em cada um dos temas propostos e inserir fotografia que comprove a realiza\u00e7\u00e3o de cada etapa. As regras e os prazos de execu\u00e7\u00e3o das etapas est\u00e3o dispostos no\u00a0<a href=\"http:\/\/www.fnde.gov.br\/programas\/pnae\/pnae-campanhas\/pnae-concurso-jornada-ean\">edital<\/a>\u00a0da segunda edi\u00e7\u00e3o da jornada, dispon\u00edvel no portal eletr\u00f4nico do FNDE.<\/p>\n<p>A primeira edi\u00e7\u00e3o foi realizada no ano passado, com foco nas escolas de educa\u00e7\u00e3o infantil atendidas pelo Pnae. Das 460 unidades de educa\u00e7\u00e3o infantil selecionadas para participar, os 30 melhores relatos de experi\u00eancias foram reunidos em um\u00a0<a href=\"http:\/\/www.fnde.gov.br\/programas\/pnae\/pnae-eixos-de-atuacao\/pnae-educacao-alimentar-nutricional\">livro digital<\/a>, tamb\u00e9m dispon\u00edvel no portal do FNDE.<\/p>\n<p style=\"text-align: left\" align=\"center\">\n<p style=\"text-align: left\" align=\"center\"><em>\u00a0<\/em><\/p>\n","protected":false},"excerpt":{"rendered":"<p>Concurso tem o objetivo de selecionar e disseminar boas pr\u00e1ticas\u00a0de educa\u00e7\u00e3o alimentar realizadas em escolas p\u00fablicas, informou o Fundo Nacional de Desenvolvimento da Educa\u00e7\u00e3o (FNDE) As inscri\u00e7\u00f5es para a segunda edi\u00e7\u00e3o da Jornada de Educa\u00e7\u00e3o Alimentar e Nutricional v\u00e3o at\u00e9 o dia 6 de maio. Sob a responsabilidade do Fundo Nacional de Desenvolvimento da Educa\u00e7\u00e3o (FNDE), a jornada incentiva a\u00e7\u00f5es [&hellip;]<\/p>\n","protected":false},"author":27,"featured_media":0,"comment_status":"open","ping_status":"closed","sticky":false,"template":"","format":"standard","meta":{"footnotes":""},"categories":[2719],"tags":[12257,11317,11318,903,4706,781,12256,10825,12258,1589,1143],"class_list":["post-8993","post","type-post","status-publish","format-standard","hentry","category-servidor","tag-educacao-infantil","tag-ensino-fundamental","tag-escolas-publicas","tag-etapas","tag-fnde","tag-inscricoes","tag-jornada-de-educacao-alimentar-e-nutricional","tag-nutricionistas","tag-pnae","tag-praticas","tag-saudavel"],"_links":{"self":[{"href":"https:\/\/blogs.correiobraziliense.com.br\/servidor\/wp-json\/wp\/v2\/posts\/8993","targetHints":{"allow":["GET"]}}],"collection":[{"href":"https:\/\/blogs.correiobraziliense.com.br\/servidor\/wp-json\/wp\/v2\/posts"}],"about":[{"href":"https:\/\/blogs.correiobraziliense.com.br\/servidor\/wp-json\/wp\/v2\/types\/post"}],"author":[{"embeddable":true,"href":"https:\/\/blogs.correiobraziliense.com.br\/servidor\/wp-json\/wp\/v2\/users\/27"}],"replies":[{"embeddable":true,"href":"https:\/\/blogs.correiobraziliense.com.br\/servidor\/wp-json\/wp\/v2\/comments?post=8993"}],"version-history":[{"count":1,"href":"https:\/\/blogs.correiobraziliense.com.br\/servidor\/wp-json\/wp\/v2\/posts\/8993\/revisions"}],"predecessor-version":[{"id":8994,"href":"https:\/\/blogs.correiobraziliense.com.br\/servidor\/wp-json\/wp\/v2\/posts\/8993\/revisions\/8994"}],"wp:attachment":[{"href":"https:\/\/blogs.correiobraziliense.com.br\/servidor\/wp-json\/wp\/v2\/media?parent=8993"}],"wp:term":[{"taxonomy":"category","embeddable":true,"href":"https:\/\/blogs.correiobraziliense.com.br\/servidor\/wp-json\/wp\/v2\/categories?post=8993"},{"taxonomy":"post_tag","embeddable":true,"href":"https:\/\/blogs.correiobraziliense.com.br\/servidor\/wp-json\/wp\/v2\/tags?post=8993"}],"curies":[{"name":"wp","href":"https:\/\/api.w.org\/{rel}","templated":true}]}}