{"id":8991,"date":"2018-05-02T11:53:24","date_gmt":"2018-05-02T14:53:24","guid":{"rendered":"https:\/\/blogs.correiobraziliense.com.br\/servidor\/?p=8991"},"modified":"2018-05-02T11:53:24","modified_gmt":"2018-05-02T14:53:24","slug":"posse-da-diretoria-eleita-para-o-bienio-20182020-na-defensoria-publica-do-df","status":"publish","type":"post","link":"https:\/\/blogs.correiobraziliense.com.br\/servidor\/posse-da-diretoria-eleita-para-o-bienio-20182020-na-defensoria-publica-do-df\/","title":{"rendered":"Posse da diretoria eleita para o bi\u00eanio 2018\/2020 na Defensoria P\u00fablica do DF"},"content":{"rendered":"<p>Nesta quarta-feira (2), \u00e0s 14h, o governador Rodrigo Rollemberg dar\u00e1 posse para a nova defensora p\u00fablica-geral do Distrito Federal, Maria Jos\u00e9 Silva Souza de N\u00e1polis, e para a diretoria eleita para o bi\u00eanio 2018 a 2020. A cerim\u00f4nia ser\u00e1 no Sal\u00e3o Branco do Pal\u00e1cio do Buriti.<\/p>\n<p><strong>Servi\u00e7o: <\/strong><u>Posse da diretoria eleita para o bi\u00eanio 2018\/2020 na Defensoria P\u00fablica do DF<\/u><\/p>\n<p><strong>Hor\u00e1rio: <\/strong>14h<\/p>\n<p><strong>Local:<\/strong> \u00a0Sal\u00e3o Branco, Pal\u00e1cio do Buriti<\/p>\n<p>&nbsp;<\/p>\n","protected":false},"excerpt":{"rendered":"<p>Nesta quarta-feira (2), \u00e0s 14h, o governador Rodrigo Rollemberg dar\u00e1 posse para a nova defensora p\u00fablica-geral do Distrito Federal, Maria Jos\u00e9 Silva Souza de N\u00e1polis, e para a diretoria eleita para o bi\u00eanio 2018 a 2020. A cerim\u00f4nia ser\u00e1 no Sal\u00e3o Branco do Pal\u00e1cio do Buriti. Servi\u00e7o: Posse da diretoria eleita para o bi\u00eanio 2018\/2020 na Defensoria P\u00fablica do DF [&hellip;]<\/p>\n","protected":false},"author":27,"featured_media":0,"comment_status":"open","ping_status":"closed","sticky":false,"template":"","format":"standard","meta":{"footnotes":""},"categories":[2719],"tags":[2876,12255,68,12254],"class_list":["post-8991","post","type-post","status-publish","format-standard","hentry","category-servidor","tag-defensoria-publica","tag-deretoria","tag-df","tag-posse4"],"_links":{"self":[{"href":"https:\/\/blogs.correiobraziliense.com.br\/servidor\/wp-json\/wp\/v2\/posts\/8991","targetHints":{"allow":["GET"]}}],"collection":[{"href":"https:\/\/blogs.correiobraziliense.com.br\/servidor\/wp-json\/wp\/v2\/posts"}],"about":[{"href":"https:\/\/blogs.correiobraziliense.com.br\/servidor\/wp-json\/wp\/v2\/types\/post"}],"author":[{"embeddable":true,"href":"https:\/\/blogs.correiobraziliense.com.br\/servidor\/wp-json\/wp\/v2\/users\/27"}],"replies":[{"embeddable":true,"href":"https:\/\/blogs.correiobraziliense.com.br\/servidor\/wp-json\/wp\/v2\/comments?post=8991"}],"version-history":[{"count":1,"href":"https:\/\/blogs.correiobraziliense.com.br\/servidor\/wp-json\/wp\/v2\/posts\/8991\/revisions"}],"predecessor-version":[{"id":8992,"href":"https:\/\/blogs.correiobraziliense.com.br\/servidor\/wp-json\/wp\/v2\/posts\/8991\/revisions\/8992"}],"wp:attachment":[{"href":"https:\/\/blogs.correiobraziliense.com.br\/servidor\/wp-json\/wp\/v2\/media?parent=8991"}],"wp:term":[{"taxonomy":"category","embeddable":true,"href":"https:\/\/blogs.correiobraziliense.com.br\/servidor\/wp-json\/wp\/v2\/categories?post=8991"},{"taxonomy":"post_tag","embeddable":true,"href":"https:\/\/blogs.correiobraziliense.com.br\/servidor\/wp-json\/wp\/v2\/tags?post=8991"}],"curies":[{"name":"wp","href":"https:\/\/api.w.org\/{rel}","templated":true}]}}