{"id":898,"date":"2016-01-31T20:10:48","date_gmt":"2016-01-31T22:10:48","guid":{"rendered":"https:\/\/blogs.correiobraziliense.com.br\/servidor\/?p=898"},"modified":"2016-01-31T20:10:48","modified_gmt":"2016-01-31T22:10:48","slug":"metro-do-df-nota-oficial","status":"publish","type":"post","link":"https:\/\/blogs.correiobraziliense.com.br\/servidor\/metro-do-df-nota-oficial\/","title":{"rendered":"METR\u00d4 DO DF &#8211; NOTA OFICIAL"},"content":{"rendered":"<div>O Metr\u00f4-DF repudia veementemente os atos de vandalismo praticados na tarde deste domingo (31\/01) na Esta\u00e7\u00e3o Ceil\u00e2ndia Sul por integrantes da torcida de um dos times que disputaria partida no Est\u00e1dio Abadi\u00e3o. Vestidos com o uniforme do time, os v\u00e2ndalos depredaram a esta\u00e7\u00e3o e danificaram um dos trens da empresa.<\/div>\n<div><\/div>\n<div><\/div>\n<div>O Corpo de Seguran\u00e7a Operacional (CSO) e a Pol\u00edcia Militar do DF foram acionados para conter os v\u00e2ndalos, que tinham embarcado na Esta\u00e7\u00e3o Pra\u00e7a do Rel\u00f3gio. A PMDF encaminhou, at\u00e9 o momento, 44 pessoas, entre adultos e menores, para a 23\u00aa Delegacia de Pol\u00edcia.<\/div>\n<div><\/div>\n<div><\/div>\n<div>O Metr\u00f4-DF informa, ainda, que tomar\u00e1 todas as medidas legais cab\u00edveis para responsabilizar os v\u00e2ndalos pelos preju\u00edzos causados \u00e0 empresa.<\/div>\n","protected":false},"excerpt":{"rendered":"<p>O Metr\u00f4-DF repudia veementemente os atos de vandalismo praticados na tarde deste domingo (31\/01) na Esta\u00e7\u00e3o Ceil\u00e2ndia Sul por integrantes da torcida de um dos times que disputaria partida no Est\u00e1dio Abadi\u00e3o. Vestidos com o uniforme do time, os v\u00e2ndalos depredaram a esta\u00e7\u00e3o e danificaram um dos trens da empresa. O Corpo de Seguran\u00e7a Operacional (CSO) e a Pol\u00edcia Militar [&hellip;]<\/p>\n","protected":false},"author":27,"featured_media":0,"comment_status":"open","ping_status":"closed","sticky":false,"template":"","format":"standard","meta":{"footnotes":""},"categories":[1],"tags":[651,653,657,658,656,649,650,655,654,652],"class_list":["post-898","post","type-post","status-publish","format-standard","hentry","category-sem-categoria","tag-atos","tag-ceilandia","tag-depredaram","tag-estacao","tag-estadio-abadiao","tag-metro-df","tag-repudia","tag-time","tag-torcida","tag-vandalismo"],"_links":{"self":[{"href":"https:\/\/blogs.correiobraziliense.com.br\/servidor\/wp-json\/wp\/v2\/posts\/898","targetHints":{"allow":["GET"]}}],"collection":[{"href":"https:\/\/blogs.correiobraziliense.com.br\/servidor\/wp-json\/wp\/v2\/posts"}],"about":[{"href":"https:\/\/blogs.correiobraziliense.com.br\/servidor\/wp-json\/wp\/v2\/types\/post"}],"author":[{"embeddable":true,"href":"https:\/\/blogs.correiobraziliense.com.br\/servidor\/wp-json\/wp\/v2\/users\/27"}],"replies":[{"embeddable":true,"href":"https:\/\/blogs.correiobraziliense.com.br\/servidor\/wp-json\/wp\/v2\/comments?post=898"}],"version-history":[{"count":1,"href":"https:\/\/blogs.correiobraziliense.com.br\/servidor\/wp-json\/wp\/v2\/posts\/898\/revisions"}],"predecessor-version":[{"id":899,"href":"https:\/\/blogs.correiobraziliense.com.br\/servidor\/wp-json\/wp\/v2\/posts\/898\/revisions\/899"}],"wp:attachment":[{"href":"https:\/\/blogs.correiobraziliense.com.br\/servidor\/wp-json\/wp\/v2\/media?parent=898"}],"wp:term":[{"taxonomy":"category","embeddable":true,"href":"https:\/\/blogs.correiobraziliense.com.br\/servidor\/wp-json\/wp\/v2\/categories?post=898"},{"taxonomy":"post_tag","embeddable":true,"href":"https:\/\/blogs.correiobraziliense.com.br\/servidor\/wp-json\/wp\/v2\/tags?post=898"}],"curies":[{"name":"wp","href":"https:\/\/api.w.org\/{rel}","templated":true}]}}