{"id":8920,"date":"2018-04-26T16:02:49","date_gmt":"2018-04-26T19:02:49","guid":{"rendered":"https:\/\/blogs.correiobraziliense.com.br\/servidor\/?p=8920"},"modified":"2018-04-26T16:02:49","modified_gmt":"2018-04-26T19:02:49","slug":"resposta-da-geap-para-o-blog-do-servidor","status":"publish","type":"post","link":"https:\/\/blogs.correiobraziliense.com.br\/servidor\/resposta-da-geap-para-o-blog-do-servidor\/","title":{"rendered":"Resposta da Geap para o Blog do Servidor"},"content":{"rendered":"<p>Em rela\u00e7\u00e3o ao \u00e1udio que vazou de uma reuni\u00e3o interna de um diretor da entidade, na qual ele faz graves acusa\u00e7\u00f5es a fornecedores e prestadores de servi\u00e7o, a Geap informou:<\/p>\n<p>&#8220;Sob os olhares dos Conselhos Fiscal e de Administra\u00e7\u00e3o, a Geap \u00e9 dirigida por um colegiado e comandada por uma nova\u00a0 diretoria executiva formada por t\u00e9cnicos de boa reputa\u00e7\u00e3o e compet\u00eancia comprovada.<\/p>\n<p>Este cen\u00e1rio complexo desafia a todos os envolvidos, fazendo com que a sinergia seja uma t\u00f4nica para o fortalecimento desta Funda\u00e7\u00e3o, visando a melhoria do servi\u00e7os de sa\u00fade prestados aos nossos mais de 450 mil benefici\u00e1rios.<\/p>\n<p>Diretoria e Conselhos atuam de maneira complementar e, sensibilizados pelo quadro institucional ora instalado, se engajam em busca de solu\u00e7\u00f5es.<\/p>\n<p>A despeito dos efeitos negativos causados pelas veicula\u00e7\u00f5es baseadas em um \u00e1udio clandestino, informamos que todas as provid\u00eancias de esclarecimento, de constru\u00e7\u00e3o do di\u00e1logo e ativa\u00e7\u00e3o de frentes de trabalho est\u00e3o sendo implementadas junto aos envolvidos neste contexto.<\/p>\n<p>A nossa obstina\u00e7\u00e3o por dias melhores para a Geap e para os seus benefici\u00e1rios continua!<\/p>\n<p>Estimamos que a imprensa seja uma parceira nessa pauta, de modo a\u00a0 compartilhar aos benefici\u00e1rios, governo e mercado, uma agenda positiva,\u00a0 informa\u00e7\u00f5es qualificadas e esclarecimentos que favore\u00e7am a toda sociedade.&#8221;<\/p>\n","protected":false},"excerpt":{"rendered":"<p>Em rela\u00e7\u00e3o ao \u00e1udio que vazou de uma reuni\u00e3o interna de um diretor da entidade, na qual ele faz graves acusa\u00e7\u00f5es a fornecedores e prestadores de servi\u00e7o, a Geap informou: &#8220;Sob os olhares dos Conselhos Fiscal e de Administra\u00e7\u00e3o, a Geap \u00e9 dirigida por um colegiado e comandada por uma nova\u00a0 diretoria executiva formada por t\u00e9cnicos de boa reputa\u00e7\u00e3o e [&hellip;]<\/p>\n","protected":false},"author":27,"featured_media":0,"comment_status":"open","ping_status":"closed","sticky":false,"template":"","format":"standard","meta":{"footnotes":""},"categories":[2719],"tags":[7963,12201,980,8223,2031,2852,2636,108,322,7234,76,4785,11601,9748,1492,293,212,1360,2781],"class_list":["post-8920","post","type-post","status-publish","format-standard","hentry","category-servidor","tag-acusacoes","tag-audio","tag-beneficiarios","tag-clandestino","tag-colegiado","tag-competencia","tag-diretor","tag-diretoria","tag-esclarecimento","tag-fornecedores","tag-geap","tag-interna","tag-prestadores","tag-reputacao","tag-resposta","tag-reuniao","tag-servico","tag-solucoes","tag-tecnicos"],"_links":{"self":[{"href":"https:\/\/blogs.correiobraziliense.com.br\/servidor\/wp-json\/wp\/v2\/posts\/8920","targetHints":{"allow":["GET"]}}],"collection":[{"href":"https:\/\/blogs.correiobraziliense.com.br\/servidor\/wp-json\/wp\/v2\/posts"}],"about":[{"href":"https:\/\/blogs.correiobraziliense.com.br\/servidor\/wp-json\/wp\/v2\/types\/post"}],"author":[{"embeddable":true,"href":"https:\/\/blogs.correiobraziliense.com.br\/servidor\/wp-json\/wp\/v2\/users\/27"}],"replies":[{"embeddable":true,"href":"https:\/\/blogs.correiobraziliense.com.br\/servidor\/wp-json\/wp\/v2\/comments?post=8920"}],"version-history":[{"count":1,"href":"https:\/\/blogs.correiobraziliense.com.br\/servidor\/wp-json\/wp\/v2\/posts\/8920\/revisions"}],"predecessor-version":[{"id":8921,"href":"https:\/\/blogs.correiobraziliense.com.br\/servidor\/wp-json\/wp\/v2\/posts\/8920\/revisions\/8921"}],"wp:attachment":[{"href":"https:\/\/blogs.correiobraziliense.com.br\/servidor\/wp-json\/wp\/v2\/media?parent=8920"}],"wp:term":[{"taxonomy":"category","embeddable":true,"href":"https:\/\/blogs.correiobraziliense.com.br\/servidor\/wp-json\/wp\/v2\/categories?post=8920"},{"taxonomy":"post_tag","embeddable":true,"href":"https:\/\/blogs.correiobraziliense.com.br\/servidor\/wp-json\/wp\/v2\/tags?post=8920"}],"curies":[{"name":"wp","href":"https:\/\/api.w.org\/{rel}","templated":true}]}}