{"id":8914,"date":"2018-04-26T13:24:22","date_gmt":"2018-04-26T16:24:22","guid":{"rendered":"https:\/\/blogs.correiobraziliense.com.br\/servidor\/?p=8914"},"modified":"2018-04-26T13:24:22","modified_gmt":"2018-04-26T16:24:22","slug":"professores-da-rede-publica-tem-ate-28-de-maio-para-se-inscrever-em-premiacao","status":"publish","type":"post","link":"https:\/\/blogs.correiobraziliense.com.br\/servidor\/professores-da-rede-publica-tem-ate-28-de-maio-para-se-inscrever-em-premiacao\/","title":{"rendered":"Professores da rede p\u00fablica t\u00eam at\u00e9 28 de maio para se inscrever em premia\u00e7\u00e3o"},"content":{"rendered":"<p><em>Come\u00e7am hoje (26) &#8211; at\u00e9 28 de maio, pela internet &#8211; as inscri\u00e7\u00f5es para a 11\u00aa edi\u00e7\u00e3o do Pr\u00eamio Professores do Brasil, para docentes da educa\u00e7\u00e3o b\u00e1sica da rede p\u00fablica de todo o pa\u00eds. A premia\u00e7\u00e3o ser\u00e1 em agosto. Na etapa estadual, os tr\u00eas primeiros colocados em cada categoria recebem certificado e o vencedor, um trof\u00e9u. Na regional, s\u00e3o R$ 7 mil, mais trof\u00e9u e viagem oferecida pela Coordena\u00e7\u00e3o de Aperfei\u00e7oamento de Pessoal de N\u00edvel Superior (Capes). Na categoria nacional s\u00e3o mais R$ 5 mil e trof\u00e9u.<\/em><\/p>\n<p>O pr\u00eamio \u00e9 iniciativa do Minist\u00e9rio da Educa\u00e7\u00e3o com institui\u00e7\u00f5es parceiras que busca reconhecer, divulgar e premiar trabalhos que contribuem para a melhoria dos processos de ensino e aprendizagem nas salas de aula<\/p>\n<p>O Professores do Brasil tamb\u00e9m tem como objetivos o est\u00edmulo \u00e0 participa\u00e7\u00e3o dos professores como sujeitos ativos do Plano Nacional de Educa\u00e7\u00e3o e da Base Nacional Comum Curricular (BNCC), dar visibilidade \u00e0s boas experi\u00eancias pedag\u00f3gicas conduzidas pelos professores, al\u00e9m de oferecer uma reflex\u00e3o sobre a pr\u00e1tica pedag\u00f3gica e orientar a sistematiza\u00e7\u00e3o de experi\u00eancias educacionais.<\/p>\n<p>\u201cO pr\u00eamio busca reconhecer o trabalho de todos os professores da educa\u00e7\u00e3o b\u00e1sica do Brasil. A nossa expectativa \u00e9 que nessa 11\u00aa edi\u00e7\u00e3o tenhamos um grande n\u00famero de pessoas participantes\u201d, afirma o coordenador-geral de apoio a certames e programas especiais do MEC, Joselino Goulart Junior.<\/p>\n<p>Durante a inscri\u00e7\u00e3o, os professores devem enviar um relato da pr\u00e1tica pedag\u00f3gica desenvolvida com seus alunos. O pr\u00eamio \u00e9 dividido em tr\u00eas etapas: estadual, regional e nacional. Os participantes v\u00e3o concorrer nas categorias educa\u00e7\u00e3o\/creche, educa\u00e7\u00e3o infantil\/pr\u00e9-escola, anos iniciais do ensino fundamental\/1\u00ba, 2\u00ba e 3\u00ba anos, anos iniciais do ensino fundamental\/4\u00ba e 5\u00ba anos, anos finais do ensino fundamental\/6\u00ba ao 9\u00ba ano e ensino m\u00e9dio.<\/p>\n<p><strong>Categorias<\/strong><\/p>\n<p>Na etapa estadual os tr\u00eas primeiros colocados em cada categoria recebem certificado e o vencedor, um trof\u00e9u. Na regional, s\u00e3o R$ 7 mil, mais trof\u00e9u e viagem oferecida pela Coordena\u00e7\u00e3o de Aperfei\u00e7oamento de Pessoal de N\u00edvel Superior (Capes). Na categoria nacional s\u00e3o mais R$ 5 mil e trof\u00e9u.<\/p>\n<p>Al\u00e9m dessas, os professores podem concorrer em uma das cinco categorias nas tem\u00e1ticas especiais: o esporte como estrat\u00e9gia de aprendizagem, uso de tecnologias de informa\u00e7\u00e3o e comunica\u00e7\u00e3o no processo de inova\u00e7\u00e3o educacional, boas pr\u00e1ticas no uso de linguagens de m\u00eddia para as diferentes \u00e1reas do conhecimento no ensino fundamental e m\u00e9dio, pr\u00e1ticas inovadoras de educa\u00e7\u00e3o cient\u00edfica, e educa\u00e7\u00e3o empreendedora. A premia\u00e7\u00e3o para as tem\u00e1ticas especiais inclui R$ 5 mil para os professores vencedores ou as escolas, viagens e participa\u00e7\u00e3o na programa\u00e7\u00e3o da TV Escola.<\/p>\n<p><strong>Cerim\u00f4nia<\/strong><\/p>\n<p>Neste ano, a cerim\u00f4nia de premia\u00e7\u00e3o ser\u00e1 antecipada para agosto \u2013 tradicionalmente ocorria em dezembro. Com a mudan\u00e7a, ser\u00e1 poss\u00edvel ao MEC apoiar os professores para participar de premia\u00e7\u00f5es internacionais. O resultado das categorias estadual, regional e tem\u00e1tica especial ser\u00e3o divulgados em julho.<\/p>\n<p>\u201cA gente pede que os professores evitem deixar as inscri\u00e7\u00f5es para os \u00faltimos dias para evitar transtornos de dificuldades de acesso\u201d, recomenda o coordenador-geral de apoio a certames e programas especiais do MEC, Joselino Goulart Junior. Quando o professor se inscreve, ele tamb\u00e9m pode participar de tr\u00eas cursos on-line dispon\u00edveis no pr\u00f3prio site do pr\u00eamio.<\/p>\n<p>As inscri\u00e7\u00f5es podem ser feitas na\u00a0<span id=\"OBJ_PREFIX_DWT1782_com_zimbra_url\" class=\"Object\"><span id=\"OBJ_PREFIX_DWT1794_com_zimbra_url\" class=\"Object-hover\"><a href=\"http:\/\/premioprofessoresdobrasil.mec.gov.br\/\" target=\"_blank\">p\u00e1gina do pr\u00eamio<\/a><\/span><\/span>.<\/p>\n","protected":false},"excerpt":{"rendered":"<p>Come\u00e7am hoje (26) &#8211; at\u00e9 28 de maio, pela internet &#8211; as inscri\u00e7\u00f5es para a 11\u00aa edi\u00e7\u00e3o do Pr\u00eamio Professores do Brasil, para docentes da educa\u00e7\u00e3o b\u00e1sica da rede p\u00fablica de todo o pa\u00eds. A premia\u00e7\u00e3o ser\u00e1 em agosto. Na etapa estadual, os tr\u00eas primeiros colocados em cada categoria recebem certificado e o vencedor, um trof\u00e9u. Na regional, s\u00e3o R$ [&hellip;]<\/p>\n","protected":false},"author":27,"featured_media":0,"comment_status":"open","ping_status":"closed","sticky":false,"template":"","format":"standard","meta":{"footnotes":""},"categories":[2719],"tags":[12231,7355,6109,3290,379,3797,9854,1296,3305,7452,781,392,70,12232,5254,12230,2976,1294,4174],"class_list":["post-8914","post","type-post","status-publish","format-standard","hentry","category-servidor","tag-aprendizagem","tag-aula","tag-bncc","tag-capes","tag-categoria","tag-certificado","tag-educacao-basica","tag-ensino","tag-estadual","tag-experiencias","tag-inscricoes","tag-mec","tag-nacional","tag-pedagogicas","tag-premiacao","tag-premio-professores-do-brasil","tag-professores","tag-rede-publica","tag-vencedor"],"_links":{"self":[{"href":"https:\/\/blogs.correiobraziliense.com.br\/servidor\/wp-json\/wp\/v2\/posts\/8914","targetHints":{"allow":["GET"]}}],"collection":[{"href":"https:\/\/blogs.correiobraziliense.com.br\/servidor\/wp-json\/wp\/v2\/posts"}],"about":[{"href":"https:\/\/blogs.correiobraziliense.com.br\/servidor\/wp-json\/wp\/v2\/types\/post"}],"author":[{"embeddable":true,"href":"https:\/\/blogs.correiobraziliense.com.br\/servidor\/wp-json\/wp\/v2\/users\/27"}],"replies":[{"embeddable":true,"href":"https:\/\/blogs.correiobraziliense.com.br\/servidor\/wp-json\/wp\/v2\/comments?post=8914"}],"version-history":[{"count":1,"href":"https:\/\/blogs.correiobraziliense.com.br\/servidor\/wp-json\/wp\/v2\/posts\/8914\/revisions"}],"predecessor-version":[{"id":8915,"href":"https:\/\/blogs.correiobraziliense.com.br\/servidor\/wp-json\/wp\/v2\/posts\/8914\/revisions\/8915"}],"wp:attachment":[{"href":"https:\/\/blogs.correiobraziliense.com.br\/servidor\/wp-json\/wp\/v2\/media?parent=8914"}],"wp:term":[{"taxonomy":"category","embeddable":true,"href":"https:\/\/blogs.correiobraziliense.com.br\/servidor\/wp-json\/wp\/v2\/categories?post=8914"},{"taxonomy":"post_tag","embeddable":true,"href":"https:\/\/blogs.correiobraziliense.com.br\/servidor\/wp-json\/wp\/v2\/tags?post=8914"}],"curies":[{"name":"wp","href":"https:\/\/api.w.org\/{rel}","templated":true}]}}