{"id":8910,"date":"2018-04-25T19:23:18","date_gmt":"2018-04-25T22:23:18","guid":{"rendered":"https:\/\/blogs.correiobraziliense.com.br\/servidor\/?p=8910"},"modified":"2018-04-25T19:23:18","modified_gmt":"2018-04-25T22:23:18","slug":"cntm-entra-com-acao-no-supremo-contra-artigo-que-permite-trabalho-de-gestantes-e-lactantes-em-locais-insalubres","status":"publish","type":"post","link":"https:\/\/blogs.correiobraziliense.com.br\/servidor\/cntm-entra-com-acao-no-supremo-contra-artigo-que-permite-trabalho-de-gestantes-e-lactantes-em-locais-insalubres\/","title":{"rendered":"CNTM entra com a\u00e7\u00e3o no Supremo contra artigo que permite trabalho de gestantes e lactantes em locais insalubres"},"content":{"rendered":"<p><em>A Confedera\u00e7\u00e3o Nacional dos Trabalhadores Metal\u00fargicos (CNTM) protocolou nesta quarta-feira, 25 de abril de 2018, no Supremo Tribunal Federal (STF), em Bras\u00edlia, uma A\u00e7\u00e3o Direta de Inconstitucionalidade (Adin) com pedido de liminar<\/em><\/p>\n<p>A A\u00e7\u00e3o pede a impugna\u00e7\u00e3o da nova reda\u00e7\u00e3o do Art.394-A, II, da CLT, pela Lei 13.467\/2017 (reforma trabalhista), que representa, de acordo com a Confedera\u00e7\u00e3o, flagrante retrocesso aos direitos dos trabalhadores, sobretudo aos das mulheres gestantes e lactantes.<\/p>\n<p>Esse dispositivo da reforma trabalhista imp\u00f5e \u00e0s trabalhadoras gestantes e lactantes trabalharem em locais insalubres, destaca a CNTM.<\/p>\n<p>&#8220;Dada a imensur\u00e1vel afronta \u00e0 trabalhadora que se encontra nestas condi\u00e7\u00f5es, trazida pelo referido dispositivo, a CNTM est\u00e1 requerendo ao STF a suspens\u00e3o de sua efic\u00e1cia, a fim de que as gestantes e lactantes n\u00e3o sejam obrigadas a trabalhar em quaisquer condi\u00e7\u00f5es insalubres, independentemente do grau de insalubridade&#8221;, informou a nota da Confedera\u00e7\u00e3o.<\/p>\n<p>\u201cInvocando raz\u00f5es humanit\u00e1rias, a Justi\u00e7a j\u00e1 tomou algumas decis\u00f5es favor\u00e1veis em outras situa\u00e7\u00f5es. Questionamos se esta situa\u00e7\u00e3o imposta pela reforma trabalhista n\u00e3o \u00e9, tamb\u00e9m, uma quest\u00e3o humanit\u00e1ria uma vez que p\u00f5e em risco a sa\u00fade da mulher e da crian\u00e7a que est\u00e1 sendo gestada ou alimentada\u201d, afirma Miguel Torres, presidente da CNTM, do Sindicato dos Metal\u00fargicos de S\u00e3o Paulo e Mogi das Cruzes e vice da For\u00e7a Sindical.<\/p>\n<p>Para Jo\u00e3o Carlos Gon\u00e7alves, o Juruna, Secret\u00e1rio geral da For\u00e7a Sindical: \u201cCNTM ajuizou ADIn junto ao STF alegando a inconstitucionalidade da Reforma Trabalhistas no que se refere \u00e0 possibilidade da mulher lactante trabalhar em local insalubre. O artigo da CLT atacado afronta direito b\u00e1sico da mulher trabalhadora e deve ser combatido judicialmente. A For\u00e7a Sindical peticionar\u00e1 no Processo na condi\u00e7\u00e3o de amicus curiae subsidiando o STF, refor\u00e7ando os argumentos da CNTM na ADin\u201d.<\/p>\n","protected":false},"excerpt":{"rendered":"<p>A Confedera\u00e7\u00e3o Nacional dos Trabalhadores Metal\u00fargicos (CNTM) protocolou nesta quarta-feira, 25 de abril de 2018, no Supremo Tribunal Federal (STF), em Bras\u00edlia, uma A\u00e7\u00e3o Direta de Inconstitucionalidade (Adin) com pedido de liminar A A\u00e7\u00e3o pede a impugna\u00e7\u00e3o da nova reda\u00e7\u00e3o do Art.394-A, II, da CLT, pela Lei 13.467\/2017 (reforma trabalhista), que representa, de acordo com a Confedera\u00e7\u00e3o, flagrante retrocesso aos [&hellip;]<\/p>\n","protected":false},"author":27,"featured_media":0,"comment_status":"open","ping_status":"closed","sticky":false,"template":"","format":"standard","meta":{"footnotes":""},"categories":[2719],"tags":[176,3702,4269,125,619,4137,7389,12226,5537,7329,617,9613,1263,9253,705,34,1858,261],"class_list":["post-8910","post","type-post","status-publish","format-standard","hentry","category-servidor","tag-acao","tag-adin","tag-afronta","tag-cntm","tag-direitos","tag-eficacia","tag-gestantes","tag-impugnacao","tag-insalubres","tag-lactantes","tag-liminar","tag-locais","tag-mulheres","tag-reforma-trabalhista","tag-retrocesso","tag-stf","tag-supremo","tag-trabalho"],"_links":{"self":[{"href":"https:\/\/blogs.correiobraziliense.com.br\/servidor\/wp-json\/wp\/v2\/posts\/8910","targetHints":{"allow":["GET"]}}],"collection":[{"href":"https:\/\/blogs.correiobraziliense.com.br\/servidor\/wp-json\/wp\/v2\/posts"}],"about":[{"href":"https:\/\/blogs.correiobraziliense.com.br\/servidor\/wp-json\/wp\/v2\/types\/post"}],"author":[{"embeddable":true,"href":"https:\/\/blogs.correiobraziliense.com.br\/servidor\/wp-json\/wp\/v2\/users\/27"}],"replies":[{"embeddable":true,"href":"https:\/\/blogs.correiobraziliense.com.br\/servidor\/wp-json\/wp\/v2\/comments?post=8910"}],"version-history":[{"count":1,"href":"https:\/\/blogs.correiobraziliense.com.br\/servidor\/wp-json\/wp\/v2\/posts\/8910\/revisions"}],"predecessor-version":[{"id":8911,"href":"https:\/\/blogs.correiobraziliense.com.br\/servidor\/wp-json\/wp\/v2\/posts\/8910\/revisions\/8911"}],"wp:attachment":[{"href":"https:\/\/blogs.correiobraziliense.com.br\/servidor\/wp-json\/wp\/v2\/media?parent=8910"}],"wp:term":[{"taxonomy":"category","embeddable":true,"href":"https:\/\/blogs.correiobraziliense.com.br\/servidor\/wp-json\/wp\/v2\/categories?post=8910"},{"taxonomy":"post_tag","embeddable":true,"href":"https:\/\/blogs.correiobraziliense.com.br\/servidor\/wp-json\/wp\/v2\/tags?post=8910"}],"curies":[{"name":"wp","href":"https:\/\/api.w.org\/{rel}","templated":true}]}}