{"id":8908,"date":"2018-04-25T19:17:32","date_gmt":"2018-04-25T22:17:32","guid":{"rendered":"https:\/\/blogs.correiobraziliense.com.br\/servidor\/?p=8908"},"modified":"2018-04-25T19:17:32","modified_gmt":"2018-04-25T22:17:32","slug":"aeronautica-autorizada-contratar-637-servidores-publicos-civis-para-trabalhar-na-amazonia","status":"publish","type":"post","link":"https:\/\/blogs.correiobraziliense.com.br\/servidor\/aeronautica-autorizada-contratar-637-servidores-publicos-civis-para-trabalhar-na-amazonia\/","title":{"rendered":"Aeron\u00e1utica autorizada a contratar 637 servidores p\u00fablicos civis para trabalhar na Amaz\u00f4nia"},"content":{"rendered":"<p><em>Sele\u00e7\u00e3o, autorizada hoje pelo Planejamento, ser\u00e1 por meio de processo simplificado e aprovados podem ficar empregados por quatro anos.\u00a0Comando da Aeron\u00e1utica divulgar\u00e1 em breve o edital de abertura das inscri\u00e7\u00f5es, vagas, \u00e1reas de atua\u00e7\u00e3o, descri\u00e7\u00e3o das atribui\u00e7\u00f5es, remunera\u00e7\u00e3o e prazo de dura\u00e7\u00e3o do contrato<\/em><\/p>\n<p>O Comando da Aeron\u00e1utica foi autorizado hoje a contratar temporariamente 637 novos servidores p\u00fablicos civis. Os cargos s\u00e3o os mais diversos e v\u00e3o desde n\u00edvel superior, como engenheiros e arquitetos, at\u00e9 pessoal de n\u00edvel intermedi\u00e1rio e de n\u00edvel auxiliar, como serventes e cozinheiros. Tamb\u00e9m h\u00e1 oportunidades para t\u00e9cnicos nas mais diversas atividades (arquivo, laborat\u00f3rio, manuten\u00e7\u00e3o etc).<u><\/u><u><\/u><\/p>\n<p>A rela\u00e7\u00e3o dos cargos est\u00e1 no Anexo da\u00a0<a title=\"\" href=\"http:\/\/www.imprensanacional.gov.br\/web\/guest\/consulta?p_p_id=101&amp;p_p_lifecycle=0&amp;p_p_state=maximized&amp;p_p_mode=view&amp;_101_struts_action=%2Fasset_publisher%2Fview_content&amp;_101_returnToFullPageURL=http%3A%2F%2Fwww.imprensanacional.gov.br%2Fweb%2Fguest%2Fconsulta%3Fp_auth%3D4bXDfa1n%26p_p_id%3D3%26p_p_lifecycle%3D1%26p_p_state%3Dnormal%26p_p_state_rcv%3D1&amp;_101_assetEntryId=11737703&amp;_101_type=content&amp;_101_groupId=68942&amp;_101_urlTitle=portaria-interministerial-n-91-de-19-de-abril-de-2018-11737699&amp;_101_redirect=http%3A%2F%2Fwww.imprensanacional.gov.br%2Fweb%2Fguest%2Fconsulta%3Fp_p_id%3D3%26p_p_lifecycle%3D0%26p_p_state%3Dmaximized%26p_p_mode%3Dview%26_3_entryClassName%3D%26_3_modifiedselection%3D1%26_3_keywords%3Daeron%25C3%25A1utica%26_3_documentsSearchContainerPrimaryKeys%3D15_PORTLET_11742251%252C15_PORTLET_11742272%252C15_PORTLET_11742279%252C15_PORTLET_11742286%252C15_PORTLET_11742216%252C15_PORTLET_11742300%252C15_PORTLET_11742307%252C15_PORTLET_11742335%252C15_PORTLET_11742356%252C15_PORTLET_11742342%252C15_PORTLET_11742363%252C15_PORTLET_11710099%252C15_PORTLET_11710467%252C15_PORTLET_11710480%252C15_PORTLET_11710363%252C15_PORTLET_11710376%252C15_PORTLET_11710298%252C15_PORTLET_11710311%252C15_PORTLET_11710337%252C15_PORTLET_11710324%26_3_modifieddayFrom%3D25%26_3_ddm_21040_artCategory_pt_BR_sortable%3D%26_3_format%3D%26_3_modifiedfrom%3D25%252F04%252F2018%26_3_formDate%3D1524689924839%26_3_modified%3D%255B20180425000000%2BTO%2B20180425235959%255D%26_3_modifieddayTo%3D25%26_3_modifiedto%3D25%252F04%252F2018%26_3_groupId%3D0%26_3_ddm_21040_pubName_pt_BR_sortable%3Ddo1%252C%2Bdo1e%252C%2Bdo1a%26_3_ddm_21040_artType_pt_BR_sortable%3D%26_3_modifiedyearTo%3D2018%26_3_ddm_21040_artSection_pt_BR_sortable%3D%26_3_modifiedyearFrom%3D2018%26_3_modifiedmonthFrom%3D4%26_3_cur%3D1%26_3_struts_action%3D%252Fsearch%252Fsearch%26_3_modifiedmonthTo%3D4&amp;inheritRedirect=true\" target=\"_blank\">Portaria Interministerial n\u00b0 91<\/a>, publicada hoje (quarta-feira, 25) no Di\u00e1rio Oficial da Uni\u00e3o pelo Minist\u00e9rio do Planejamento, Desenvolvimento e Gest\u00e3o (MP) e pelo Minist\u00e9rio da Defesa. Os cargos v\u00e3o\u00a0atender obras e servi\u00e7os de engenharia de excepcional interesse p\u00fablico, executados pela Comiss\u00e3o de Aeroportos da Regi\u00e3o Amaz\u00f4nica.<u><\/u><u><\/u><\/p>\n<p>De acordo com a portaria, as contrata\u00e7\u00f5es depender\u00e3o de pr\u00e9via aprova\u00e7\u00e3o dos candidatos em processo seletivo simplificado ou, quando couber, mediante a an\u00e1lise de curriculum vitae (conforme disp\u00f5e o art. 3\u00ba, \u00a7 2\u00ba, da Lei n\u00ba 8.745, de 1993).<u><\/u><u><\/u><\/p>\n<p>Todo o certame ser\u00e1 conduzido pelo Comando da Aeron\u00e1utica, que divulgar\u00e1 em breve o edital de abertura das inscri\u00e7\u00f5es, prevendo vagas, \u00e1rea de atua\u00e7\u00e3o, descri\u00e7\u00e3o das atribui\u00e7\u00f5es, remunera\u00e7\u00e3o e prazo de dura\u00e7\u00e3o do contrato.<u><\/u><u><\/u><\/p>\n<p>A princ\u00edpio, esse prazo \u00e9 de at\u00e9 um ano, mas pode ser prorrogado por at\u00e9 quatro anos, desde que justificado com base nas necessidades das atividades. A prorroga\u00e7\u00e3o se dar\u00e1 conforme art. 4\u00ba, par\u00e1grafo \u00fanico, inciso III, da Lei 8.745\/1993.<\/p>\n","protected":false},"excerpt":{"rendered":"<p>Sele\u00e7\u00e3o, autorizada hoje pelo Planejamento, ser\u00e1 por meio de processo simplificado e aprovados podem ficar empregados por quatro anos.\u00a0Comando da Aeron\u00e1utica divulgar\u00e1 em breve o edital de abertura das inscri\u00e7\u00f5es, vagas, \u00e1reas de atua\u00e7\u00e3o, descri\u00e7\u00e3o das atribui\u00e7\u00f5es, remunera\u00e7\u00e3o e prazo de dura\u00e7\u00e3o do contrato O Comando da Aeron\u00e1utica foi autorizado hoje a contratar temporariamente 637 novos servidores p\u00fablicos civis. Os [&hellip;]<\/p>\n","protected":false},"author":27,"featured_media":0,"comment_status":"open","ping_status":"closed","sticky":false,"template":"","format":"standard","meta":{"footnotes":""},"categories":[2719],"tags":[5941,6379,1497,234,2910,1315,306,3720,178,791,1035,3809,745,1769,92,781,1586,141,1795,1174,1157,24,1620,3645,58,5434,2304,3672,703],"class_list":["post-8908","post","type-post","status-publish","format-standard","hentry","category-servidor","tag-aeronautica","tag-amazonia","tag-aprovacao","tag-aprovados","tag-area","tag-atribuicoes","tag-autorizada","tag-auxiliar","tag-candidatos","tag-cargos","tag-civis","tag-contratar","tag-contrato","tag-dou","tag-edital","tag-inscricoes","tag-medio","tag-ministerio-do-planejamento","tag-nivel","tag-prazo","tag-processo","tag-publicos","tag-remuneracao","tag-selecao","tag-servidores","tag-simplificado","tag-superior","tag-temporarios","tag-vagas"],"_links":{"self":[{"href":"https:\/\/blogs.correiobraziliense.com.br\/servidor\/wp-json\/wp\/v2\/posts\/8908","targetHints":{"allow":["GET"]}}],"collection":[{"href":"https:\/\/blogs.correiobraziliense.com.br\/servidor\/wp-json\/wp\/v2\/posts"}],"about":[{"href":"https:\/\/blogs.correiobraziliense.com.br\/servidor\/wp-json\/wp\/v2\/types\/post"}],"author":[{"embeddable":true,"href":"https:\/\/blogs.correiobraziliense.com.br\/servidor\/wp-json\/wp\/v2\/users\/27"}],"replies":[{"embeddable":true,"href":"https:\/\/blogs.correiobraziliense.com.br\/servidor\/wp-json\/wp\/v2\/comments?post=8908"}],"version-history":[{"count":1,"href":"https:\/\/blogs.correiobraziliense.com.br\/servidor\/wp-json\/wp\/v2\/posts\/8908\/revisions"}],"predecessor-version":[{"id":8909,"href":"https:\/\/blogs.correiobraziliense.com.br\/servidor\/wp-json\/wp\/v2\/posts\/8908\/revisions\/8909"}],"wp:attachment":[{"href":"https:\/\/blogs.correiobraziliense.com.br\/servidor\/wp-json\/wp\/v2\/media?parent=8908"}],"wp:term":[{"taxonomy":"category","embeddable":true,"href":"https:\/\/blogs.correiobraziliense.com.br\/servidor\/wp-json\/wp\/v2\/categories?post=8908"},{"taxonomy":"post_tag","embeddable":true,"href":"https:\/\/blogs.correiobraziliense.com.br\/servidor\/wp-json\/wp\/v2\/tags?post=8908"}],"curies":[{"name":"wp","href":"https:\/\/api.w.org\/{rel}","templated":true}]}}