{"id":8899,"date":"2018-04-26T08:00:54","date_gmt":"2018-04-26T11:00:54","guid":{"rendered":"https:\/\/blogs.correiobraziliense.com.br\/servidor\/?p=8899"},"modified":"2018-04-25T16:07:29","modified_gmt":"2018-04-25T19:07:29","slug":"unificacao-das-acoes-juridicas-e-sindicais-na-era-pos-reforma-trabalhista-sera-debatida-em-encontro-da-central-sindical-csb","status":"publish","type":"post","link":"https:\/\/blogs.correiobraziliense.com.br\/servidor\/unificacao-das-acoes-juridicas-e-sindicais-na-era-pos-reforma-trabalhista-sera-debatida-em-encontro-da-central-sindical-csb\/","title":{"rendered":"A unifica\u00e7\u00e3o das a\u00e7\u00f5es jur\u00eddicas e sindicais na era p\u00f3s-reforma trabalhista ser\u00e1 debatida em encontro da central sindical CSB"},"content":{"rendered":"<p><em>A CSB ir\u00e1 reunir especialistas do mundo jur\u00eddico para debater o futuro dos direitos e das negocia\u00e7\u00f5es coletivas p\u00f3s-reformas do governo. O evento, aberto aos dirigentes da base, ser\u00e1 no dia 11 de maio, na sede do Sindicato dos Policiais Federais no Distrito Federal (Sindipol\/DF)<\/em><\/p>\n<p>O semin\u00e1rio tem o objetivo de encontrar solu\u00e7\u00f5es e unificar as a\u00e7\u00f5es jur\u00eddicas e sindicais diante dos problemas enfrentados ap\u00f3s a reforma trabalhista e o veto presidencial ao Projeto de Lei que regulamentava a negocia\u00e7\u00e3o coletiva no setor p\u00fablico.<\/p>\n<p>De acordo com o presidente da CSB, Antonio Neto, \u201c\u00e9 preciso nas entidades sindicais tracem para estrat\u00e9gias de enfrentamento \u00e0 retirada de diretos do povo brasileiro\u201d.<\/p>\n<p>Os participantes ter\u00e3o a oportunidade de aprofundar e trocar o conhecimento e o embasamento t\u00e9cnico nos seguintes temas:<br \/>\n\u2022 Desafios do movimento sindical na defesa dos direitos e a negocia\u00e7\u00e3o coletiva;<br \/>\n\u2022 Fiscaliza\u00e7\u00e3o do trabalho como ferramenta de implementa\u00e7\u00f5es de melhores condi\u00e7\u00f5es de trabalho e resist\u00eancia \u00e0 precariza\u00e7\u00e3o; e<br \/>\n\u2022 Inconstitucionalidades da reforma trabalhista e estrat\u00e9gias para o enfrentamento da desvaloriza\u00e7\u00e3o do direito coletivo do trabalho.<\/p>\n<p><strong>Programa\u00e7\u00e3o<\/strong><br \/>\n<em>Manh\u00e3<\/em><br \/>\n8h30 \u2013 Credenciamento<br \/>\n9h \u2013 Abertura<br \/>\n9h30 \u2013 Conven\u00e7\u00e3o 151 a OIT e as medidas cab\u00edveis na negocia\u00e7\u00e3o coletiva | Dr. Lu\u00eds Ant\u00f4nio Camargo de Melo.<br \/>\n11h \u2013 Os reflexos do veto presidencial ao PL 3831 | Andr\u00e9 Lu\u00eds Santos.<br \/>\n12h30 \u2013 Almo\u00e7o<br \/>\n<em>Tarde<\/em><br \/>\n13h30 \u2013 Desafios do movimento sindical na defesa dos direitos e a negocia\u00e7\u00e3o coletiva | Dra. Zilmara Alencar<br \/>\n14h30 \u2013 Fiscaliza\u00e7\u00e3o do trabalho como ferramenta de implementa\u00e7\u00f5es de melhores condi\u00e7\u00f5es de trabalho e resist\u00eancia \u00e0 precariza\u00e7\u00e3o | Andr\u00e9 Grandizoli.<br \/>\n15h30 \u2013 Inconstitucionalidades da Reforma Trabalhista e estrat\u00e9gias para o enfrentamento da desvaloriza\u00e7\u00e3o do direito coletivo do trabalho | Dra. No\u00eamia Garcia Porto.<br \/>\n16h30 \u2013 Debates e cria\u00e7\u00e3o da Comiss\u00e3o da CSB-DF<br \/>\n18h \u2013 <em>Encerramento<\/em><br \/>\n<strong>Servi\u00e7o<\/strong><br \/>\nData: 11 de maio de 2018<br \/>\nLocal: Sindicato dos Policiais Federais no Distrito Federal<br \/>\nSCES Trecho 2, Lotes 02\/51<br \/>\nAsa Sul | Bras\u00edlia-DF<br \/>\nCEP: 70.200-002<\/p>\n","protected":false},"excerpt":{"rendered":"<p>A CSB ir\u00e1 reunir especialistas do mundo jur\u00eddico para debater o futuro dos direitos e das negocia\u00e7\u00f5es coletivas p\u00f3s-reformas do governo. O evento, aberto aos dirigentes da base, ser\u00e1 no dia 11 de maio, na sede do Sindicato dos Policiais Federais no Distrito Federal (Sindipol\/DF) O semin\u00e1rio tem o objetivo de encontrar solu\u00e7\u00f5es e unificar as a\u00e7\u00f5es jur\u00eddicas e sindicais [&hellip;]<\/p>\n","protected":false},"author":27,"featured_media":0,"comment_status":"open","ping_status":"closed","sticky":false,"template":"","format":"standard","meta":{"footnotes":""},"categories":[2719],"tags":[203,1516,7596,1723,12217,2050,2874,12215,382,1200,113,894,12216,1260,4319,1114,1360,159],"class_list":["post-8899","post","type-post","status-publish","format-standard","hentry","category-servidor","tag-acoes","tag-central","tag-coletivas","tag-csb","tag-debatida","tag-dirigentes","tag-encontro","tag-era","tag-especialistas","tag-futuro","tag-juridicas","tag-negociacoes","tag-pos-reforma-trabalhista","tag-sindicais","tag-sindical","tag-sindipoldf","tag-solucoes","tag-unificacao"],"_links":{"self":[{"href":"https:\/\/blogs.correiobraziliense.com.br\/servidor\/wp-json\/wp\/v2\/posts\/8899","targetHints":{"allow":["GET"]}}],"collection":[{"href":"https:\/\/blogs.correiobraziliense.com.br\/servidor\/wp-json\/wp\/v2\/posts"}],"about":[{"href":"https:\/\/blogs.correiobraziliense.com.br\/servidor\/wp-json\/wp\/v2\/types\/post"}],"author":[{"embeddable":true,"href":"https:\/\/blogs.correiobraziliense.com.br\/servidor\/wp-json\/wp\/v2\/users\/27"}],"replies":[{"embeddable":true,"href":"https:\/\/blogs.correiobraziliense.com.br\/servidor\/wp-json\/wp\/v2\/comments?post=8899"}],"version-history":[{"count":1,"href":"https:\/\/blogs.correiobraziliense.com.br\/servidor\/wp-json\/wp\/v2\/posts\/8899\/revisions"}],"predecessor-version":[{"id":8900,"href":"https:\/\/blogs.correiobraziliense.com.br\/servidor\/wp-json\/wp\/v2\/posts\/8899\/revisions\/8900"}],"wp:attachment":[{"href":"https:\/\/blogs.correiobraziliense.com.br\/servidor\/wp-json\/wp\/v2\/media?parent=8899"}],"wp:term":[{"taxonomy":"category","embeddable":true,"href":"https:\/\/blogs.correiobraziliense.com.br\/servidor\/wp-json\/wp\/v2\/categories?post=8899"},{"taxonomy":"post_tag","embeddable":true,"href":"https:\/\/blogs.correiobraziliense.com.br\/servidor\/wp-json\/wp\/v2\/tags?post=8899"}],"curies":[{"name":"wp","href":"https:\/\/api.w.org\/{rel}","templated":true}]}}