{"id":8897,"date":"2018-04-25T15:51:11","date_gmt":"2018-04-25T18:51:11","guid":{"rendered":"https:\/\/blogs.correiobraziliense.com.br\/servidor\/?p=8897"},"modified":"2018-04-25T15:51:11","modified_gmt":"2018-04-25T18:51:11","slug":"projecao-na-fachada-do-tst-homenageara-vitimas-de-acidentes-de-trabalho","status":"publish","type":"post","link":"https:\/\/blogs.correiobraziliense.com.br\/servidor\/projecao-na-fachada-do-tst-homenageara-vitimas-de-acidentes-de-trabalho\/","title":{"rendered":"Proje\u00e7\u00e3o na fachada do TST homenagear\u00e1 v\u00edtimas de acidentes de trabalho"},"content":{"rendered":"<p><em>As imagens mostrar\u00e3o o n\u00famero de mortos em acidentes do trabalho em 2016 por regi\u00e3o geogr\u00e1fica \u2013 357 na Regi\u00e3o Norte, 424 na Regi\u00e3o Nordeste, 975 na Regi\u00e3o Sudeste, 847 na Regi\u00e3o Sul e 404 na Regi\u00e3o Centro-Oeste \u2013 e em todo o Brasil (3007).\u00a0Ficam de fora todos os acidentes com n\u00e3o segurados do INSS, como servidores p\u00fablicos e militares, o que indica que os n\u00fameros podem ser, na realidade, consideravelmente mais elevados<\/em><\/p>\n<p>O Dia Mundial em Mem\u00f3ria das V\u00edtimas de Acidentes e Doen\u00e7as do Trabalho, celebrado em 28 de abril, ser\u00e1 marcado no Tribunal Superior do Trabalho na pr\u00f3xima quinta-feira (26) por uma proje\u00e7\u00e3o na fachada de seu edif\u00edcio-sede, em Bras\u00edlia (DF), que lembrar\u00e1 o n\u00famero de mortos em acidentes de trabalho no Brasil com a frase \u201cVidas que n\u00e3o ser\u00e3o esquecidas\u201d. \u00c0s 19h, o presidente do TST, ministro Brito Pereira, e a coordenadora do Programa Trabalho Seguro do Conselho Superior da Justi\u00e7a do Trabalho (CSJT), ministra Dela\u00edde Miranda Arantes, dar\u00e3o in\u00edcio \u00e0 proje\u00e7\u00e3o, que poder\u00e1 ser vista at\u00e9 a meia-noite.<u><\/u><u><\/u><\/p>\n<p>As imagens mostrar\u00e3o o n\u00famero de mortos em acidentes do trabalho em 2016 por regi\u00e3o geogr\u00e1fica \u2013 357 na Regi\u00e3o Norte, 424 na Regi\u00e3o Nordeste, 975 na Regi\u00e3o Sudeste, 847 na Regi\u00e3o Sul e 404 na Regi\u00e3o Centro-Oeste \u2013 e em todo o Brasil (3007). A a\u00e7\u00e3o integra a campanha Abril Verde, voltada para a conscientiza\u00e7\u00e3o sobre a import\u00e2ncia da preven\u00e7\u00e3o de acidentes de trabalho e de doen\u00e7as decorrentes da atua\u00e7\u00e3o profissional. Desde o in\u00edcio do m\u00eas, o pr\u00e9dio do TST est\u00e1 iluminado em verde, e a proje\u00e7\u00e3o tamb\u00e9m ter\u00e1 por base essa cor.<u><\/u><u><\/u><\/p>\n<p>Para o presidente do TST e do CSJT, a iniciativa \u00e9 uma forma de contribuir para a mudan\u00e7a de cultura no pa\u00eds em rela\u00e7\u00e3o aos acidentes de trabalho, tanto por parte de empregadores quanto de empregados. \u201cMuitas vezes, os dois lados acabam ignorando o perigo gerado por uma atividade de risco, e, para que o acidente aconte\u00e7a, basta um descuido\u201d, afirma.<u><\/u><u><\/u><\/p>\n<p>Em 2017, a Justi\u00e7a do Trabalho recebeu quase 115 mil (114.976) novos processos que tratam de acidentes de trabalho.<u><\/u><u><\/u><\/p>\n<p><strong>Vidas<\/strong><u><\/u><u><\/u><\/p>\n<p>Os dados nacionais mais recentes sobre acidentes de trabalho est\u00e3o no Anu\u00e1rio Estat\u00edstico da Previd\u00eancia Social relativo a 2015, quando foram registrados 612.632 acidentes, com redu\u00e7\u00e3o de 14% em rela\u00e7\u00e3o a 2013. No entanto, o pr\u00f3prio Minist\u00e9rio da Previd\u00eancia observa que, apesar do rigoroso controle t\u00e9cnico exercido pelo \u00f3rg\u00e3o, pelo Instituto Nacional do Seguro Social (INSS) e pela Empresa de Tecnologia e Informa\u00e7\u00f5es da Previd\u00eancia Social (Dataprev), os dados n\u00e3o levam em conta o grande n\u00famero de subnotifica\u00e7\u00f5es de acidentes. Ficam de fora tamb\u00e9m todos os acidentes ocorridos com n\u00e3o segurados do INSS, como servidores p\u00fablicos e militares, o que indica que os n\u00fameros podem ser, na realidade, consideravelmente mais elevados.<u><\/u><u><\/u><\/p>\n<p>O setor que tem o \u00edndice mais elevado de mortes em acidentes de trabalho \u00e9 o de transporte de cargas, com 367 mortes por\u00a0ano, seguido da constru\u00e7\u00e3o civil e das atividades rurais, com 333 e 165 mortes anuais, respectivamente.<u><\/u><u><\/u><\/p>\n<p>No \u00e2mbito mundial, a principal fonte \u00e9 a Organiza\u00e7\u00e3o Internacional do Trabalho (OIT), que, em 2017, afirmou que cerca de 2,3 milh\u00f5es de trabalhadores morrem e 300 milh\u00f5es ficam feridos todos os anos em acidentes de trabalho \u2013 cerca de 20 mortes a cada cinco minutos.<u><\/u><u><\/u><\/p>\n<p><strong>Custos<\/strong><u><\/u><u><\/u><\/p>\n<p>Al\u00e9m da perda irrepar\u00e1vel de vidas humanas e do sofrimento para as v\u00edtimas e para seus familiares, os acidentes de trabalho representam custo significativo aos cofres p\u00fablicos. De acordo com o Minist\u00e9rio da Fazenda, entre 2012 e 2016 foram registrados 3,5 milh\u00f5es de casos em 26 estados e no Distrito Federal. Esses acidentes resultaram na morte de 13.363 pessoas e geraram um custo de R$ 22,171 bilh\u00f5es para a Previd\u00eancia Social com benef\u00edcios relacionados a eles, como aux\u00edlio-doen\u00e7a, aposentadoria por invalidez, pens\u00e3o por morte e aux\u00edlio-acidente para pessoas que ficaram com sequelas. Se fossem inclu\u00eddos os casos de acidentes em ocupa\u00e7\u00f5es informais, esse n\u00famero poderia chegar a R$ 40 bilh\u00f5es. Nos \u00faltimos cinco anos, 450 mil pessoas sofreram fraturas enquanto trabalhavam.<u><\/u><u><\/u><\/p>\n<p>Com base nos dados informados pelo sistema Infologo da Previd\u00eancia Social, em 2012, a dura\u00e7\u00e3o m\u00e9dia de um aux\u00edlio-doen\u00e7a (previdenci\u00e1rio ou acident\u00e1rio) era de 195 dias \u2013 o que significa um afastamento do trabalho por seis meses e meio.<u><\/u><u><\/u><\/p>\n<p>No mundo, a OIT estima que os acidentes de trabalho custam cerca de 4% do PIB [Produto Interno Bruto] mundial em termos de dias perdidos, gastos com sa\u00fade, pens\u00f5es, reabilita\u00e7\u00e3o e reintegra\u00e7\u00e3o.<u><\/u><u><\/u><\/p>\n<p><strong>Programa Trabalho Seguro<\/strong><u><\/u><u><\/u><\/p>\n<p>O\u00a0<a href=\"http:\/\/www.tst.jus.br\/web\/trabalhoseguro\" target=\"_blank\">Programa Trabalho Seguro<\/a>\u00a0\u00e9 uma iniciativa do TST e do CSJT que visa \u00e0 formula\u00e7\u00e3o e \u00e0 execu\u00e7\u00e3o de projetos e a\u00e7\u00f5es nacionais voltados para a preven\u00e7\u00e3o de acidentes de trabalho e para o fortalecimento da Pol\u00edtica Nacional de Seguran\u00e7a e Sa\u00fade no Trabalho. \u00a0Em 2012, a cria\u00e7\u00e3o do projeto levou em considera\u00e7\u00e3o o alto n\u00famero de processos relativos a acidentes de trabalho ajuizados, o alarmante \u00edndice de acidentes e de doen\u00e7as ocupacionais no Brasil e a necessidade de fomentar e difundir iniciativas permanentes de preven\u00e7\u00e3o. O programa tamb\u00e9m visa \u00e0 defesa do meio ambiente, da seguran\u00e7a e da sa\u00fade no trabalho, uma vez que a promo\u00e7\u00e3o da responsabilidade socioambiental \u00e9 um dos objetivos da Justi\u00e7a do Trabalho.<\/p>\n","protected":false},"excerpt":{"rendered":"<p>As imagens mostrar\u00e3o o n\u00famero de mortos em acidentes do trabalho em 2016 por regi\u00e3o geogr\u00e1fica \u2013 357 na Regi\u00e3o Norte, 424 na Regi\u00e3o Nordeste, 975 na Regi\u00e3o Sudeste, 847 na Regi\u00e3o Sul e 404 na Regi\u00e3o Centro-Oeste \u2013 e em todo o Brasil (3007).\u00a0Ficam de fora todos os acidentes com n\u00e3o segurados do INSS, como servidores p\u00fablicos e militares, [&hellip;]<\/p>\n","protected":false},"author":27,"featured_media":0,"comment_status":"open","ping_status":"closed","sticky":false,"template":"","format":"standard","meta":{"footnotes":""},"categories":[2719],"tags":[12001,164,3211,1928,8105,2745,891,12213,4726,3909,11,51,7125,2068,10103,6858,58,12214,503,6695,5510],"class_list":["post-8897","post","type-post","status-publish","format-standard","hentry","category-servidor","tag-acidentes-de-trabalho","tag-brasil","tag-csjt","tag-cultura","tag-dataprev","tag-empregadores","tag-empregados","tag-fachada","tag-homenagem","tag-imagens","tag-inss","tag-militares","tag-mortos","tag-oit","tag-projecao","tag-regiao","tag-servidores","tag-subnotificacoes","tag-tst","tag-vidas","tag-vitimas"],"_links":{"self":[{"href":"https:\/\/blogs.correiobraziliense.com.br\/servidor\/wp-json\/wp\/v2\/posts\/8897","targetHints":{"allow":["GET"]}}],"collection":[{"href":"https:\/\/blogs.correiobraziliense.com.br\/servidor\/wp-json\/wp\/v2\/posts"}],"about":[{"href":"https:\/\/blogs.correiobraziliense.com.br\/servidor\/wp-json\/wp\/v2\/types\/post"}],"author":[{"embeddable":true,"href":"https:\/\/blogs.correiobraziliense.com.br\/servidor\/wp-json\/wp\/v2\/users\/27"}],"replies":[{"embeddable":true,"href":"https:\/\/blogs.correiobraziliense.com.br\/servidor\/wp-json\/wp\/v2\/comments?post=8897"}],"version-history":[{"count":1,"href":"https:\/\/blogs.correiobraziliense.com.br\/servidor\/wp-json\/wp\/v2\/posts\/8897\/revisions"}],"predecessor-version":[{"id":8898,"href":"https:\/\/blogs.correiobraziliense.com.br\/servidor\/wp-json\/wp\/v2\/posts\/8897\/revisions\/8898"}],"wp:attachment":[{"href":"https:\/\/blogs.correiobraziliense.com.br\/servidor\/wp-json\/wp\/v2\/media?parent=8897"}],"wp:term":[{"taxonomy":"category","embeddable":true,"href":"https:\/\/blogs.correiobraziliense.com.br\/servidor\/wp-json\/wp\/v2\/categories?post=8897"},{"taxonomy":"post_tag","embeddable":true,"href":"https:\/\/blogs.correiobraziliense.com.br\/servidor\/wp-json\/wp\/v2\/tags?post=8897"}],"curies":[{"name":"wp","href":"https:\/\/api.w.org\/{rel}","templated":true}]}}