{"id":8895,"date":"2018-04-25T15:08:14","date_gmt":"2018-04-25T18:08:14","guid":{"rendered":"https:\/\/blogs.correiobraziliense.com.br\/servidor\/?p=8895"},"modified":"2018-04-25T15:08:14","modified_gmt":"2018-04-25T18:08:14","slug":"ministro-esteves-colnago-adiar-reajuste-de-servidores-e-opcao","status":"publish","type":"post","link":"https:\/\/blogs.correiobraziliense.com.br\/servidor\/ministro-esteves-colnago-adiar-reajuste-de-servidores-e-opcao\/","title":{"rendered":"Ministro Esteves Colnago: adiar reajuste de servidores \u00e9 op\u00e7\u00e3o"},"content":{"rendered":"<p><em>\u201cTemos algumas cartas na mesa que podem abrir espa\u00e7o para comportar as contas de custeio no pr\u00f3ximo ano, que est\u00e3o perto de R$ 100 bilh\u00f5es, entre elas a posterga\u00e7\u00e3o do aumento do funcionalismo\u201d, disse Colnago<\/em><\/p>\n<p><strong>SIMONE KAFRUNI<\/strong><\/p>\n<p>Apesar de ter provocado forte rea\u00e7\u00e3o de entidades sindicais, o ministro do Planejamento, Esteves Colnago, reiterou ontem que uma das possibilidades para fechar as contas p\u00fablicas no pr\u00f3ximo ano \u00e9 adiar para 2020 o reajuste dos servidores previsto para 2019. Colnago tamb\u00e9m afirmou que o governo espera aprovar a utiliza\u00e7\u00e3o de fundos para pagamento de custeio.<\/p>\n<p>\u201cTemos algumas cartas na mesa que podem abrir espa\u00e7o para comportar as contas de custeio no pr\u00f3ximo ano, que est\u00e3o perto de R$ 100 bilh\u00f5es, entre elas a posterga\u00e7\u00e3o do aumento do funcionalismo\u201d, disse. \u201cEste ano, temos R$ 128 bilh\u00f5es de custeio. \u00c9 um desafio muito grande para o governo caminhar com esse volume de despesas discricion\u00e1rias. Para o ano que vem, o corte seria de R$ 30 bilh\u00f5es, um desafio bem maior\u201d, justificou Colnago.<\/p>\n<p>O ministro estimou que o adiamento do reajuste salarial geraria economia de R$ 5 bilh\u00f5es. \u201cIsso permitiria ao pr\u00f3ximo presidente transitar no primeiro ano e adotar outras medidas que entendesse necess\u00e1rias\u201d, disse. A op\u00e7\u00e3o, no entanto, colocou em alerta os sindicalistas. S\u00e9rgio Ronaldo da Silva, diretor da Condsef, classificou a medida como negativa e prometeu reagir caso seja adotada. Outros representantes dos servidores consideraram precipitadas as declara\u00e7\u00f5es do ministro.<\/p>\n<p>Colnago explicou que v\u00e1rias medidas s\u00e3o aventadas, entre elas, usar fundos para fechar as contas. \u201cH\u00e1 uma boa fundamenta\u00e7\u00e3o para que sejam usados, em especial, o Fistel (Fundo de Fiscaliza\u00e7\u00e3o das Telecomunica\u00e7\u00f5es) e royalties do petr\u00f3leo. O fundo soberano ainda n\u00e3o encaminhamos para o Congresso\u201d, ressaltou. Se nada for aprovado, o governo vai buscar alternativas para cumprir a regra de ouro, que pro\u00edbe o Executivo de emitir d\u00edvida para pagar despesas correntes. \u201cA medida \u00e9 da Fazenda e ainda est\u00e1 em elabora\u00e7\u00e3o\u201d, desconversou.<\/p>\n<p>O titular do Planejamento tamb\u00e9m destacou que tem discutido com o ministro da Secretaria de Governo, Carlos Marun, as pautas priorit\u00e1rias que devem v\u00e3o caminhar neste ano eleitoral. \u201cEntendemos que h\u00e1 for\u00e7a, sim, para que sejam aprovadas. A Eletrobras \u00e9 prioridade, assim como alguns projetos ligadas \u00e0 regra de ouro\u201d, disse. \u201cS\u00e3o medidas importantes para que o pr\u00f3ximo presidente tenha condi\u00e7\u00f5es de navegar em 2019\u201d, acrescentou.<\/p>\n","protected":false},"excerpt":{"rendered":"<p>\u201cTemos algumas cartas na mesa que podem abrir espa\u00e7o para comportar as contas de custeio no pr\u00f3ximo ano, que est\u00e3o perto de R$ 100 bilh\u00f5es, entre elas a posterga\u00e7\u00e3o do aumento do funcionalismo\u201d, disse Colnago SIMONE KAFRUNI Apesar de ter provocado forte rea\u00e7\u00e3o de entidades sindicais, o ministro do Planejamento, Esteves Colnago, reiterou ontem que uma das possibilidades para fechar [&hellip;]<\/p>\n","protected":false},"author":27,"featured_media":0,"comment_status":"open","ping_status":"closed","sticky":false,"template":"","format":"standard","meta":{"footnotes":""},"categories":[2719],"tags":[3440,639,2278,236,3338,73,3100,12031,302,1164,218,98,141,3213,151,8195,2316,2662,63,58],"class_list":["post-8895","post","type-post","status-publish","format-standard","hentry","category-servidor","tag-adiar","tag-ano","tag-contas","tag-custeio","tag-eleitoral","tag-entidades","tag-espaco","tag-esteves-colnago","tag-fazenda","tag-funcionalismo","tag-fundos","tag-governo","tag-ministerio-do-planejamento","tag-orcamentario","tag-pagamento","tag-postergacao","tag-prioridade","tag-reacao","tag-reajuste","tag-servidores"],"_links":{"self":[{"href":"https:\/\/blogs.correiobraziliense.com.br\/servidor\/wp-json\/wp\/v2\/posts\/8895","targetHints":{"allow":["GET"]}}],"collection":[{"href":"https:\/\/blogs.correiobraziliense.com.br\/servidor\/wp-json\/wp\/v2\/posts"}],"about":[{"href":"https:\/\/blogs.correiobraziliense.com.br\/servidor\/wp-json\/wp\/v2\/types\/post"}],"author":[{"embeddable":true,"href":"https:\/\/blogs.correiobraziliense.com.br\/servidor\/wp-json\/wp\/v2\/users\/27"}],"replies":[{"embeddable":true,"href":"https:\/\/blogs.correiobraziliense.com.br\/servidor\/wp-json\/wp\/v2\/comments?post=8895"}],"version-history":[{"count":1,"href":"https:\/\/blogs.correiobraziliense.com.br\/servidor\/wp-json\/wp\/v2\/posts\/8895\/revisions"}],"predecessor-version":[{"id":8896,"href":"https:\/\/blogs.correiobraziliense.com.br\/servidor\/wp-json\/wp\/v2\/posts\/8895\/revisions\/8896"}],"wp:attachment":[{"href":"https:\/\/blogs.correiobraziliense.com.br\/servidor\/wp-json\/wp\/v2\/media?parent=8895"}],"wp:term":[{"taxonomy":"category","embeddable":true,"href":"https:\/\/blogs.correiobraziliense.com.br\/servidor\/wp-json\/wp\/v2\/categories?post=8895"},{"taxonomy":"post_tag","embeddable":true,"href":"https:\/\/blogs.correiobraziliense.com.br\/servidor\/wp-json\/wp\/v2\/tags?post=8895"}],"curies":[{"name":"wp","href":"https:\/\/api.w.org\/{rel}","templated":true}]}}